{"id":17223,"date":"2025-05-27T10:38:29","date_gmt":"2025-05-27T08:38:29","guid":{"rendered":"https:\/\/entretormentas.com\/?p=17223"},"modified":"2025-05-27T10:38:30","modified_gmt":"2025-05-27T08:38:30","slug":"mensaje-presidencial-maduro-celebra-recuperacion-de-las-gobernaciones-de-barinas-zulia-y-nueva-esparta","status":"publish","type":"post","link":"https:\/\/entretormentas.com\/mensaje-presidencial-maduro-celebra-recuperacion-de-las-gobernaciones-de-barinas-zulia-y-nueva-esparta\/","title":{"rendered":"\u00a1MENSAJE PRESIDENCIAL! Maduro celebra recuperaci\u00f3n de las gobernaciones de Barinas, Zulia y Nueva Esparta"},"content":{"rendered":"\n<p><strong>ENTRE TORMENTAS. <\/strong>Tras conocerse los resultados ofrecidos por el Consejo Nacional Electoral, donde el Gran Polo Patri\u00f3tico Sim\u00f3n Bol\u00edvar gan\u00f3 23 de las 24 gobernaciones, el presidente Nicol\u00e1s Maduro afirm\u00f3 que \u201cesta es la victoria de la paz de toda Venezuela\u201d y celebr\u00f3 \u201cla recuperaci\u00f3n\u201d de las gobernaciones en Barinas, Zulia y Nueva Esparta.<\/p>\n\n\n\n<p>\u201cHemos demostrado el poder del chavismo, del bolivarianismo del siglo 21\u201d, expres\u00f3 el jefe de Estado desde la Plaza Bol\u00edvar de Caracas ante una multitud y acompa\u00f1ado de los parlamentarios ganadores.<\/p>\n\n\n\n<p>Reconoci\u00f3 lo que calific\u00f3 de \u201cespectacular victoria en Cojedes\u201d, donde el opositor Alberto Galindez repite como gobernador, electo con el 55 % de los votos.<\/p>\n\n\n\n<p><strong>\u00abCUMPLIMOS CON EL ESEQUIBO<\/strong><br>El mandatario nacional felicit\u00f3 al pueblo de la Guayana Esequiba tras la elecci\u00f3n por primera vez de un gobernador y sus representantes en el Parlamento.<\/p>\n\n\n\n<p>Asegur\u00f3 que el territorio Esequibo \u201cva a tener todo el apoyo presupuestario, porque el pueblo se lo gan\u00f3\u201d.<\/p>\n\n\n\n<p>\u201cHemos cumplido con el Esequibo\u201d, manifest\u00f3 el Ejecutivo.<\/p>\n\n\n\n<p>Una jornada en paz<br>El presidente Maduro advirti\u00f3 de los planes violentos que ten\u00eda preparada la oposici\u00f3n extremista para la jornada de este domingo y asegur\u00f3 que \u201cgracias a la fusi\u00f3n militar-policial logramos capturarlos y neutralizar el plan de violencia y las elecciones han sido en paz\u201d.<br><strong><em>ET \/ Agencia<\/em><\/strong><\/p>\n","protected":false},"excerpt":{"rendered":"<p>ENTRE TORMENTAS. Tras conocerse los resultados ofrecidos por el Consejo Nacional Electoral, donde el Gran&#8230;<\/p>\n","protected":false},"author":2,"featured_media":17224,"comment_status":"closed","ping_status":"open","sticky":false,"template":"","format":"standard","meta":{"footnotes":""},"categories":[57,49],"tags":[],"class_list":["post-17223","post","type-post","status-publish","format-standard","has-post-thumbnail","hentry","category-actualidad","category-nacionales"],"_links":{"self":[{"href":"https:\/\/entretormentas.com\/index.php?rest_route=\/wp\/v2\/posts\/17223","targetHints":{"allow":["GET"]}}],"collection":[{"href":"https:\/\/entretormentas.com\/index.php?rest_route=\/wp\/v2\/posts"}],"about":[{"href":"https:\/\/entretormentas.com\/index.php?rest_route=\/wp\/v2\/types\/post"}],"author":[{"embeddable":true,"href":"https:\/\/entretormentas.com\/index.php?rest_route=\/wp\/v2\/users\/2"}],"replies":[{"embeddable":true,"href":"https:\/\/entretormentas.com\/index.php?rest_route=%2Fwp%2Fv2%2Fcomments&post=17223"}],"version-history":[{"count":1,"href":"https:\/\/entretormentas.com\/index.php?rest_route=\/wp\/v2\/posts\/17223\/revisions"}],"predecessor-version":[{"id":17225,"href":"https:\/\/entretormentas.com\/index.php?rest_route=\/wp\/v2\/posts\/17223\/revisions\/17225"}],"wp:featuredmedia":[{"embeddable":true,"href":"https:\/\/entretormentas.com\/index.php?rest_route=\/wp\/v2\/media\/17224"}],"wp:attachment":[{"href":"https:\/\/entretormentas.com\/index.php?rest_route=%2Fwp%2Fv2%2Fmedia&parent=17223"}],"wp:term":[{"taxonomy":"category","embeddable":true,"href":"https:\/\/entretormentas.com\/index.php?rest_route=%2Fwp%2Fv2%2Fcategories&post=17223"},{"taxonomy":"post_tag","embeddable":true,"href":"https:\/\/entretormentas.com\/index.php?rest_route=%2Fwp%2Fv2%2Ftags&post=17223"}],"curies":[{"name":"wp","href":"https:\/\/api.w.org\/{rel}","templated":true}]}}