{"id":17229,"date":"2025-05-27T10:46:07","date_gmt":"2025-05-27T08:46:07","guid":{"rendered":"https:\/\/entretormentas.com\/?p=17229"},"modified":"2025-05-27T10:46:08","modified_gmt":"2025-05-27T08:46:08","slug":"capriles-con-la-abstencion-gano-maduro-y-los-que-la-promovieron","status":"publish","type":"post","link":"https:\/\/entretormentas.com\/capriles-con-la-abstencion-gano-maduro-y-los-que-la-promovieron\/","title":{"rendered":"CAPRILES: \u00abCon la abstenci\u00f3n gan\u00f3 Maduro y los que la promovieron\u00bb"},"content":{"rendered":"\n<p><strong>ENTRE TORMENTAS.<\/strong> El reci\u00e9n electo diputado a la Asamblea Nacional, Henrique Capriles, agradeci\u00f3 este lunes a todos los venezolanos que salieron como testigos, miembros de mesa y electores a participar en las elecciones regionales, un proceso que, a su juicio, estuvo marcado por el \u00abmiedo\u00bb y la \u00abrabia\u00bb, as\u00ed como por los llamados a abstenci\u00f3n de una parte de la oposici\u00f3n democr\u00e1tica.<\/p>\n\n\n\n<p>En un mensaje en X, antes Twitter, Capriles dijo que el resultado era \u00abprevisible, gan\u00f3 la abstenci\u00f3n y con ello el r\u00e9gimen y los que la promovieron\u00bb, al referir a la victoria del PSUV en 23 gobernaciones y el 88,62% de los curules de la AN.<\/p>\n\n\n\n<p>\u00abAyer lo coment\u00e9 a los medios de comunicaci\u00f3n. Fue un proceso marcado por la desconfianza, la decepci\u00f3n, la rabia, el miedo sembrado con fuerza en las \u00faltimas horas con m\u00e1s detenciones aunado a una campa\u00f1a de informaci\u00f3n pr\u00e1cticamente inexistente. El r\u00e9gimen y otros hicieron de todo para que la abstenci\u00f3n fuera la gran protagonista y lo lograron\u00bb, afirm\u00f3.<\/p>\n\n\n\n<p>Agreg\u00f3 que \u00abel r\u00e9gimen hoy celebra. Sin embargo quiero en este mensaje agradecer el esfuerzo de todos los venezolanos que salieron a expresarse contra el poder, contra la arbitrariedad, que fueron contra la corriente, que no se quedaron en silencio\u00bb, enfatiz\u00f3.<\/p>\n\n\n\n<p>Prosigui\u00f3: \u00abAgradecer tambi\u00e9n a quienes salieron a instalar las mesas de todas las amenazas y el amedrentamiento. Con las u\u00f1as trabaj\u00f3 cada voluntario con la idea de que la voz de la gente que quiere cambio se mantenga viva y no caiga el pa\u00eds en lo que quiere el poder: la desesperanza y luego la resignaci\u00f3n\u00bb.<\/p>\n\n\n\n<figure class=\"wp-block-image size-large\"><img fetchpriority=\"high\" decoding=\"async\" width=\"1024\" height=\"682\" src=\"https:\/\/entretormentas.com\/wp-content\/uploads\/2025\/05\/elvisa12-1024x682.jpg\" alt=\"\" class=\"wp-image-17220\" srcset=\"https:\/\/entretormentas.com\/wp-content\/uploads\/2025\/05\/elvisa12-1024x682.jpg 1024w, https:\/\/entretormentas.com\/wp-content\/uploads\/2025\/05\/elvisa12-300x200.jpg 300w, https:\/\/entretormentas.com\/wp-content\/uploads\/2025\/05\/elvisa12-768x512.jpg 768w, https:\/\/entretormentas.com\/wp-content\/uploads\/2025\/05\/elvisa12-1536x1024.jpg 1536w, https:\/\/entretormentas.com\/wp-content\/uploads\/2025\/05\/elvisa12-2048x1365.jpg 2048w\" sizes=\"(max-width: 1024px) 100vw, 1024px\" \/><\/figure>\n\n\n\n<p><strong>F\u00c9RREA OPOSICI\u00d3N<\/strong><br>En este sentido, prometi\u00f3 representar a todos los venezolanos \u00abcon fuerza y determinaci\u00f3n\u00bb en el Parlamento.<\/p>\n\n\n\n<p>Capriles afirm\u00f3 adem\u00e1s que \u00abMaduro y su c\u00fapula podr\u00e1n querer mostrarse victoriosos, pero no lo son. Lo de ayer no cambia la crisis econ\u00f3mica, social y pol\u00edtica. El pa\u00eds no amaneci\u00f3 hoy mejor. El pa\u00eds sigue en la b\u00fasqueda de recuperar su democracia y el ejercicio pleno de los derechos de su gente\u00bb.<\/p>\n\n\n\n<p>\u00abEsto sigue y all\u00ed estaremos del lado de la mayor\u00eda que sufre. All\u00ed estaremos para hacerle una f\u00e9rrea oposici\u00f3n a los responsables de la ca\u00f3tica situaci\u00f3n que padece la mayor\u00eda de los venezolanos. De la mayor\u00eda que anhela el cambio por el cual vot\u00f3 el 28 de julio de 2024. De la mayor\u00eda que merece una Venezuela democr\u00e1tica, con progreso y oportunidades para todos\u00bb, finaliz\u00f3.<br><strong><em>ET \/ Noticiero Digital<\/em><\/strong><\/p>\n","protected":false},"excerpt":{"rendered":"<p>ENTRE TORMENTAS. El reci\u00e9n electo diputado a la Asamblea Nacional, Henrique Capriles, agradeci\u00f3 este lunes&#8230;<\/p>\n","protected":false},"author":2,"featured_media":17230,"comment_status":"closed","ping_status":"open","sticky":false,"template":"","format":"standard","meta":{"footnotes":""},"categories":[56,49],"tags":[],"class_list":["post-17229","post","type-post","status-publish","format-standard","has-post-thumbnail","hentry","category-destacadas","category-nacionales"],"_links":{"self":[{"href":"https:\/\/entretormentas.com\/index.php?rest_route=\/wp\/v2\/posts\/17229","targetHints":{"allow":["GET"]}}],"collection":[{"href":"https:\/\/entretormentas.com\/index.php?rest_route=\/wp\/v2\/posts"}],"about":[{"href":"https:\/\/entretormentas.com\/index.php?rest_route=\/wp\/v2\/types\/post"}],"author":[{"embeddable":true,"href":"https:\/\/entretormentas.com\/index.php?rest_route=\/wp\/v2\/users\/2"}],"replies":[{"embeddable":true,"href":"https:\/\/entretormentas.com\/index.php?rest_route=%2Fwp%2Fv2%2Fcomments&post=17229"}],"version-history":[{"count":1,"href":"https:\/\/entretormentas.com\/index.php?rest_route=\/wp\/v2\/posts\/17229\/revisions"}],"predecessor-version":[{"id":17231,"href":"https:\/\/entretormentas.com\/index.php?rest_route=\/wp\/v2\/posts\/17229\/revisions\/17231"}],"wp:featuredmedia":[{"embeddable":true,"href":"https:\/\/entretormentas.com\/index.php?rest_route=\/wp\/v2\/media\/17230"}],"wp:attachment":[{"href":"https:\/\/entretormentas.com\/index.php?rest_route=%2Fwp%2Fv2%2Fmedia&parent=17229"}],"wp:term":[{"taxonomy":"category","embeddable":true,"href":"https:\/\/entretormentas.com\/index.php?rest_route=%2Fwp%2Fv2%2Fcategories&post=17229"},{"taxonomy":"post_tag","embeddable":true,"href":"https:\/\/entretormentas.com\/index.php?rest_route=%2Fwp%2Fv2%2Ftags&post=17229"}],"curies":[{"name":"wp","href":"https:\/\/api.w.org\/{rel}","templated":true}]}}