{"id":17235,"date":"2025-05-27T10:54:41","date_gmt":"2025-05-27T08:54:41","guid":{"rendered":"https:\/\/entretormentas.com\/?p=17235"},"modified":"2025-05-27T10:54:42","modified_gmt":"2025-05-27T08:54:42","slug":"regresa-david-martinez-bocha-batista-anuncia-vinotintos-convocados-para-proximas-fechas-fifa","status":"publish","type":"post","link":"https:\/\/entretormentas.com\/regresa-david-martinez-bocha-batista-anuncia-vinotintos-convocados-para-proximas-fechas-fifa\/","title":{"rendered":"\u00a1REGRESA DAVID MARTINEZ! \u00abBocha\u00bb Batista anuncia vinotintos convocados para pr\u00f3ximas fechas FIFA"},"content":{"rendered":"\n<p><strong>ENTRE TORMENTAS.<\/strong> El seleccionador nacional de Venezuela, Fernando Batista, present\u00f3 este lunes su lista de convocados para afrontar los duelos contra Bolivia y Uruguay que se disputar\u00e1n en el mes de junio por las Eliminatorias rumbo al Mundial 2026.<\/p>\n\n\n\n<p>La misma est\u00e1 conformada por 30 jugadores entre los que destacan la presencia de l\u00edderes como Rafael Romo, Jon Aramburu, Yangel Herrera, Tom\u00e1s Rincon, Yeferson Soteldo, Salom\u00f3n Rond\u00f3n y compa\u00f1\u00eda, rese\u00f1\u00f3 Uni\u00f3n Radio.<\/p>\n\n\n\n<p>Las principales dudas que giraban entorno a la convocatoria del argentino eran la presencia de Alexander Gonz\u00e1lez, Soteldo y Jefferson Savarino, quienes ten\u00edan problemas f\u00edsicos y no hab\u00eda certeza de que fueran a estar en la lista.<\/p>\n\n\n\n<figure class=\"wp-block-image size-large\"><img fetchpriority=\"high\" decoding=\"async\" width=\"1024\" height=\"576\" src=\"https:\/\/entretormentas.com\/wp-content\/uploads\/2025\/05\/vinotin2-1024x576.jpg\" alt=\"\" class=\"wp-image-17236\" srcset=\"https:\/\/entretormentas.com\/wp-content\/uploads\/2025\/05\/vinotin2-1024x576.jpg 1024w, https:\/\/entretormentas.com\/wp-content\/uploads\/2025\/05\/vinotin2-300x169.jpg 300w, https:\/\/entretormentas.com\/wp-content\/uploads\/2025\/05\/vinotin2-768x432.jpg 768w, https:\/\/entretormentas.com\/wp-content\/uploads\/2025\/05\/vinotin2.jpg 1280w\" sizes=\"(max-width: 1024px) 100vw, 1024px\" \/><\/figure>\n\n\n\n<p>Por otra parte, las novedades radican en la presencia de Thomas Guti\u00e9rrez, Alessandro Milani, Leandro Flores, Freddy Vargas, David Mart\u00ednez, Juan Pablo A\u00f1or y Jan Hurtado.<\/p>\n\n\n\n<p>Guti\u00e9rrez es un defensor central de 25 a\u00f1os de edad que hace vida en el Club Libertad de Paraguay y est\u00e1 en su primera convocatoria oficial con la selecci\u00f3n. Aunque ya disput\u00f3 un partido amistoso vs Estados Unidos en enero del presente a\u00f1o.<\/p>\n\n\n\n<p>Tambi\u00e9n es la primera convocatoria para Milani, quien tiene 19 a\u00f1os, cuenta con la nacionalidad italiana y se desempe\u00f1a como lateral izquierdo en la categor\u00eda sub-20 de Lazio.<\/p>\n\n\n\n<p>Por otra parte, Leandro Flores es un veterano mediocampista de 29 a\u00f1os cuya ficha pertenece al Atl\u00e9tico Bucaramanga de Colombia, donde est\u00e1 desde hace dos a\u00f1os procedente de Caracas FC. Es su primer llamado nacional.<\/p>\n\n\n\n<figure class=\"wp-block-image size-full\"><img decoding=\"async\" width=\"760\" height=\"650\" src=\"https:\/\/entretormentas.com\/wp-content\/uploads\/2025\/05\/bocha.jpg\" alt=\"\" class=\"wp-image-17237\" srcset=\"https:\/\/entretormentas.com\/wp-content\/uploads\/2025\/05\/bocha.jpg 760w, https:\/\/entretormentas.com\/wp-content\/uploads\/2025\/05\/bocha-300x257.jpg 300w\" sizes=\"(max-width: 760px) 100vw, 760px\" \/><\/figure>\n\n\n\n<p>En lo que se refiere a Freddy Vargas, es un extremo derecho (tambi\u00e9n juega de 9) de 26 a\u00f1os que tiene dos a\u00f1os jugando en el f\u00fatbol israel\u00ed y, actualmente, forma parte del Maccabi Netanya, donde anot\u00f3 cuatro goles y dio ocho asistencias en 35 partidos. Tiene tres partidos con la selecci\u00f3n absoluta y, m\u00e1s recientemente, jug\u00f3 en la ca\u00edda 2-1 contra Ecuador en el marzo.<\/p>\n\n\n\n<p>David Mart\u00ednez, Juanpi A\u00f1or y Hurtado son figuras m\u00e1s conocidas, quienes vuelven a formar parte de la convocatoria nacional como es el caso de los dos \u00faltimos, mientras que el primero tendr\u00e1 su primera doble fecha FIFA.<\/p>\n\n\n\n<p>Venezuela jugar\u00e1 contra Bolivia el 6 de junio a las 6:00 PM en el Estadio Monumental de Matur\u00edn y, posteriormente, visitar\u00e1 a Uruguay en Montevideo el 10 de junio para enfrentarse a las 7:00 PM.<br><strong><em>ET \/ Agencias<\/em><\/strong><\/p>\n\n\n\n<p><\/p>\n","protected":false},"excerpt":{"rendered":"<p>ENTRE TORMENTAS. El seleccionador nacional de Venezuela, Fernando Batista, present\u00f3 este lunes su lista de&#8230;<\/p>\n","protected":false},"author":2,"featured_media":17238,"comment_status":"closed","ping_status":"open","sticky":false,"template":"","format":"standard","meta":{"footnotes":""},"categories":[53,56],"tags":[],"class_list":["post-17235","post","type-post","status-publish","format-standard","has-post-thumbnail","hentry","category-deportes","category-destacadas"],"_links":{"self":[{"href":"https:\/\/entretormentas.com\/index.php?rest_route=\/wp\/v2\/posts\/17235","targetHints":{"allow":["GET"]}}],"collection":[{"href":"https:\/\/entretormentas.com\/index.php?rest_route=\/wp\/v2\/posts"}],"about":[{"href":"https:\/\/entretormentas.com\/index.php?rest_route=\/wp\/v2\/types\/post"}],"author":[{"embeddable":true,"href":"https:\/\/entretormentas.com\/index.php?rest_route=\/wp\/v2\/users\/2"}],"replies":[{"embeddable":true,"href":"https:\/\/entretormentas.com\/index.php?rest_route=%2Fwp%2Fv2%2Fcomments&post=17235"}],"version-history":[{"count":1,"href":"https:\/\/entretormentas.com\/index.php?rest_route=\/wp\/v2\/posts\/17235\/revisions"}],"predecessor-version":[{"id":17239,"href":"https:\/\/entretormentas.com\/index.php?rest_route=\/wp\/v2\/posts\/17235\/revisions\/17239"}],"wp:featuredmedia":[{"embeddable":true,"href":"https:\/\/entretormentas.com\/index.php?rest_route=\/wp\/v2\/media\/17238"}],"wp:attachment":[{"href":"https:\/\/entretormentas.com\/index.php?rest_route=%2Fwp%2Fv2%2Fmedia&parent=17235"}],"wp:term":[{"taxonomy":"category","embeddable":true,"href":"https:\/\/entretormentas.com\/index.php?rest_route=%2Fwp%2Fv2%2Fcategories&post=17235"},{"taxonomy":"post_tag","embeddable":true,"href":"https:\/\/entretormentas.com\/index.php?rest_route=%2Fwp%2Fv2%2Ftags&post=17235"}],"curies":[{"name":"wp","href":"https:\/\/api.w.org\/{rel}","templated":true}]}}