{"id":17240,"date":"2025-05-27T10:57:05","date_gmt":"2025-05-27T08:57:05","guid":{"rendered":"https:\/\/entretormentas.com\/?p=17240"},"modified":"2025-05-27T10:57:07","modified_gmt":"2025-05-27T08:57:07","slug":"dan-la-espalda-a-venezuela-caricom-reitera-su-apoyo-a-la-integridad-territorial-de-guyana-en-la-crisis-con-venezuela","status":"publish","type":"post","link":"https:\/\/entretormentas.com\/dan-la-espalda-a-venezuela-caricom-reitera-su-apoyo-a-la-integridad-territorial-de-guyana-en-la-crisis-con-venezuela\/","title":{"rendered":"\u00a1DAN LA ESPALDA A VENEZUELA! Caricom reitera su apoyo a la integridad territorial de Guyana en la crisis con Venezuela"},"content":{"rendered":"\n<p><strong>ENTRE TORMENTAS. <\/strong>La Comunidad del Caribe (Caricom) reiter\u00f3 este lunes su \u00abfirme apoyo a la soberan\u00eda, la seguridad y la integridad territorial de Guyana\u00bb en su crisis con Venezuela, que ayer eligi\u00f3 un gobernador para la regi\u00f3n en disputa del Esequibo.<\/p>\n\n\n\n<p>\u00abLa controversia fronteriza con Venezuela sigue siendo una preocupaci\u00f3n constante\u00bb, afirm\u00f3 en un comunicado Carla Barnett, secretaria general de Caricom, una organizaci\u00f3n regional caribe\u00f1a de 15 miembros de la que forma parte Guyana, detalla EFE.<\/p>\n\n\n\n<p>El presidente de Venezuela, Nicol\u00e1s Maduro, asegur\u00f3 este lunes que el Esequibo -un territorio de casi 16 mil kil\u00f3metros cuadrados rico en petr\u00f3leo que administra Guyana- \u00abtiene gobernador\u00bb, al celebrar la victoria adjudicada por el Consejo Nacional Electoral (CNE) al candidato chavista Neil Villamizar.<\/p>\n\n\n\n<p>En un acto en Caracas, el mandatario ofreci\u00f3 \u00abtodo el apoyo presupuestario\u00bb a Villamizar para que \u00abel pueblo del Esequibo tenga todos los derechos como pueblo de Venezuela\u00bb.<\/p>\n\n\n\n<p>Por su parte, el presidente guyan\u00e9s, Irfaan Ali, asegur\u00f3 el domingo en un acto para conmemorar el 59 aniversario de la independencia de Guyana que defender\u00e1n el pa\u00eds y \u00abnunca\u00bb se rendir\u00e1n.<\/p>\n\n\n\n<p>\u00abNo somos agresores, somos protectores, pero que nadie confunda nuestra paz con debilidad. Si nuestra soberan\u00eda es desafiada, si nuestra tierra es amenazada, nos alzaremos como una naci\u00f3n\u00bb, subray\u00f3.<\/p>\n\n\n\n<p>Los comicios venezolanos se llevaron a cabo pese a que tanto Caricom como la Corte Internacional de Justicia (CIJ), declarada competente para dirimir sobre la controversia territorial, instaron a Venezuela a abstenerse de celebrarlos.<\/p>\n\n\n\n<p>Con motivo del 59 aniversario de la independencia de Guyana, que el 26 de mayo de 1966 se desvincul\u00f3 del Reino Unido, la secretaria general de Caricom destac\u00f3 tambi\u00e9n el significativo desarrollo econ\u00f3mico de Guyana en los \u00faltimos a\u00f1os.<\/p>\n\n\n\n<p>\u00abComo una de las econom\u00edas de m\u00e1s r\u00e1pido crecimiento del mundo, impulsada por el sector petrolero, Guyana ha logrado importantes avances en su desarrollo. Cabe destacar que esto se ha logrado incluso garantizando la protecci\u00f3n de los extensos ecosistemas naturales del pa\u00eds\u00bb, dijo Barnett.<\/p>\n\n\n\n<p>La secretaria general de Caricom hizo hincapi\u00e9 en que Guyana tambi\u00e9n puede estar \u00abjustificadamente orgullosa de su prominencia en la diplomacia internacional y regional\u00bb.<\/p>\n\n\n\n<p>\u00abLa membres\u00eda no permanente de Guyana en el Consejo de Seguridad de las Naciones Unidas ha estado respaldada por un firme compromiso con el respeto al derecho internacional y con garantizar que la voz del Caribe contribuya a moldear el discurso sobre seguridad global\u00bb, a\u00f1adi\u00f3.<\/p>\n\n\n\n<p>Barnett anticip\u00f3 que Guyana continuar\u00e1 su destacada labor en el \u00e1mbito multilateral para impulsar la agenda regional en temas prioritarios como el cambio clim\u00e1tico y la crisis en Hait\u00ed, pa\u00eds que tambi\u00e9n es miembro de Caricom.<\/p>\n\n\n\n<p>Adem\u00e1s de Guyana y Hait\u00ed, los otros miembros de Caricom son Antigua y Barbuda, Barbados, Bahamas, Belice, Dominica, Granada, Jamaica, Montserrat, San Crist\u00f3bal y Nieves, Santa Luc\u00eda, San Vicente y las Granadinas, Surinam y Trinidad y Tobago.<br><strong><em>ET \/ Agencias<\/em><\/strong><\/p>\n\n\n\n<p><\/p>\n","protected":false},"excerpt":{"rendered":"<p>ENTRE TORMENTAS. La Comunidad del Caribe (Caricom) reiter\u00f3 este lunes su \u00abfirme apoyo a la&#8230;<\/p>\n","protected":false},"author":2,"featured_media":17241,"comment_status":"closed","ping_status":"open","sticky":false,"template":"","format":"standard","meta":{"footnotes":""},"categories":[56,48],"tags":[],"class_list":["post-17240","post","type-post","status-publish","format-standard","has-post-thumbnail","hentry","category-destacadas","category-internacionales"],"_links":{"self":[{"href":"https:\/\/entretormentas.com\/index.php?rest_route=\/wp\/v2\/posts\/17240","targetHints":{"allow":["GET"]}}],"collection":[{"href":"https:\/\/entretormentas.com\/index.php?rest_route=\/wp\/v2\/posts"}],"about":[{"href":"https:\/\/entretormentas.com\/index.php?rest_route=\/wp\/v2\/types\/post"}],"author":[{"embeddable":true,"href":"https:\/\/entretormentas.com\/index.php?rest_route=\/wp\/v2\/users\/2"}],"replies":[{"embeddable":true,"href":"https:\/\/entretormentas.com\/index.php?rest_route=%2Fwp%2Fv2%2Fcomments&post=17240"}],"version-history":[{"count":1,"href":"https:\/\/entretormentas.com\/index.php?rest_route=\/wp\/v2\/posts\/17240\/revisions"}],"predecessor-version":[{"id":17242,"href":"https:\/\/entretormentas.com\/index.php?rest_route=\/wp\/v2\/posts\/17240\/revisions\/17242"}],"wp:featuredmedia":[{"embeddable":true,"href":"https:\/\/entretormentas.com\/index.php?rest_route=\/wp\/v2\/media\/17241"}],"wp:attachment":[{"href":"https:\/\/entretormentas.com\/index.php?rest_route=%2Fwp%2Fv2%2Fmedia&parent=17240"}],"wp:term":[{"taxonomy":"category","embeddable":true,"href":"https:\/\/entretormentas.com\/index.php?rest_route=%2Fwp%2Fv2%2Fcategories&post=17240"},{"taxonomy":"post_tag","embeddable":true,"href":"https:\/\/entretormentas.com\/index.php?rest_route=%2Fwp%2Fv2%2Ftags&post=17240"}],"curies":[{"name":"wp","href":"https:\/\/api.w.org\/{rel}","templated":true}]}}