{"id":17255,"date":"2025-05-28T10:19:20","date_gmt":"2025-05-28T08:19:20","guid":{"rendered":"https:\/\/entretormentas.com\/?p=17255"},"modified":"2025-05-28T10:19:21","modified_gmt":"2025-05-28T08:19:21","slug":"activos-alcaldia-de-maracaibo-invita-a-la-caminata-por-el-dia-nacional-del-y-adulta-mayor","status":"publish","type":"post","link":"https:\/\/entretormentas.com\/activos-alcaldia-de-maracaibo-invita-a-la-caminata-por-el-dia-nacional-del-y-adulta-mayor\/","title":{"rendered":"\u00a1ACTIVOS! Alcald\u00eda de Maracaibo invita a la caminata por el D\u00eda Nacional del y Adulta Mayor"},"content":{"rendered":"\n<p><strong>ENTRE TORMENTAS.<\/strong> El jueves 29 de mayo arranca la celebraci\u00f3n del D\u00eda Nacional del Adulto y Adulta Mayor en Maracaibo. Desde la Alcald\u00eda se planificaron varias actividades que inician con la Caminata Edad Dorada, Activa y Saludable 2025 que sale a las 7.00 de la ma\u00f1ana desde el Edificio Municipal. As\u00ed lo inform\u00f3 Adri\u00e1n Romero Mart\u00ednez, alcalde encargado de Maracaibo, en su Balance de Gesti\u00f3n y Transparencia n\u00famero 124.<\/p>\n\n\n\n<p>\u201cNuestros adultos y adultas mayores son activos en todo el municipio. Y desde esta semana estaremos celebrando con ellos en diferentes actividades que se extender\u00e1n hasta el mes de junio. Iniciamos con la caminata que saldr\u00e1 del Edificio Municipal a las 7.00 de la ma\u00f1ana y que contar\u00e1 con la participaci\u00f3n de los m\u00e1s de 40 clubes de abuelos de la ciudad\u201d, detall\u00f3 Romero Mart\u00ednez.<\/p>\n\n\n\n<figure class=\"wp-block-image size-large\"><img fetchpriority=\"high\" decoding=\"async\" width=\"1024\" height=\"682\" src=\"https:\/\/entretormentas.com\/wp-content\/uploads\/2025\/05\/abueloscaminan2-1024x682.jpeg\" alt=\"\" class=\"wp-image-17256\" srcset=\"https:\/\/entretormentas.com\/wp-content\/uploads\/2025\/05\/abueloscaminan2-1024x682.jpeg 1024w, https:\/\/entretormentas.com\/wp-content\/uploads\/2025\/05\/abueloscaminan2-300x200.jpeg 300w, https:\/\/entretormentas.com\/wp-content\/uploads\/2025\/05\/abueloscaminan2-768x512.jpeg 768w, https:\/\/entretormentas.com\/wp-content\/uploads\/2025\/05\/abueloscaminan2-1536x1023.jpeg 1536w, https:\/\/entretormentas.com\/wp-content\/uploads\/2025\/05\/abueloscaminan2.jpeg 1600w\" sizes=\"(max-width: 1024px) 100vw, 1024px\" \/><\/figure>\n\n\n\n<p>Las siguientes actividades ser\u00e1n el jueves 5 de junio. En la Catedral de Maracaibo a las 9.00 de la ma\u00f1ana una misa de acci\u00f3n de gracias y en el Concejo Municipal de Maracaibo a las 11.00 de la ma\u00f1ana una sesi\u00f3n solemne.<\/p>\n\n\n\n<p>Nadia Montilla, presidenta del Instituto Municipal de la Adulta y Adulto Mayor de Maracaibo, explic\u00f3 que luego el mi\u00e9rcoles 11 de junio se organiz\u00f3 una mega jornada m\u00e9dica en Plaza para Todos y durante todo el mes se realizar\u00e1n diferentes reuniones en los m\u00e1s de 40 clubs de abuelos que est\u00e1n activos en toda la ciudad.<\/p>\n\n\n\n<p>\u201cYo he participado en sus actividades recreativas, talleres y compartir. Nuestros adultos mayores est\u00e1n organizados y se han unido para disfrutar la vida. Estamos muy satisfechos de que en la Alcald\u00eda de Maracaibo ellos hayan podido conseguir un lugar para desarrollarse y vivir su edad dorada a plenitud\u201d, concluy\u00f3 Romero Mart\u00ednez.<br><strong><em>ET \/ DCI Alcald\u00eda de Maracaibo<\/em><\/strong><\/p>\n","protected":false},"excerpt":{"rendered":"<p>ENTRE TORMENTAS. El jueves 29 de mayo arranca la celebraci\u00f3n del D\u00eda Nacional del Adulto&#8230;<\/p>\n","protected":false},"author":2,"featured_media":17257,"comment_status":"closed","ping_status":"open","sticky":false,"template":"","format":"standard","meta":{"footnotes":""},"categories":[1],"tags":[],"class_list":["post-17255","post","type-post","status-publish","format-standard","has-post-thumbnail","hentry","category-regionales"],"_links":{"self":[{"href":"https:\/\/entretormentas.com\/index.php?rest_route=\/wp\/v2\/posts\/17255","targetHints":{"allow":["GET"]}}],"collection":[{"href":"https:\/\/entretormentas.com\/index.php?rest_route=\/wp\/v2\/posts"}],"about":[{"href":"https:\/\/entretormentas.com\/index.php?rest_route=\/wp\/v2\/types\/post"}],"author":[{"embeddable":true,"href":"https:\/\/entretormentas.com\/index.php?rest_route=\/wp\/v2\/users\/2"}],"replies":[{"embeddable":true,"href":"https:\/\/entretormentas.com\/index.php?rest_route=%2Fwp%2Fv2%2Fcomments&post=17255"}],"version-history":[{"count":1,"href":"https:\/\/entretormentas.com\/index.php?rest_route=\/wp\/v2\/posts\/17255\/revisions"}],"predecessor-version":[{"id":17258,"href":"https:\/\/entretormentas.com\/index.php?rest_route=\/wp\/v2\/posts\/17255\/revisions\/17258"}],"wp:featuredmedia":[{"embeddable":true,"href":"https:\/\/entretormentas.com\/index.php?rest_route=\/wp\/v2\/media\/17257"}],"wp:attachment":[{"href":"https:\/\/entretormentas.com\/index.php?rest_route=%2Fwp%2Fv2%2Fmedia&parent=17255"}],"wp:term":[{"taxonomy":"category","embeddable":true,"href":"https:\/\/entretormentas.com\/index.php?rest_route=%2Fwp%2Fv2%2Fcategories&post=17255"},{"taxonomy":"post_tag","embeddable":true,"href":"https:\/\/entretormentas.com\/index.php?rest_route=%2Fwp%2Fv2%2Ftags&post=17255"}],"curies":[{"name":"wp","href":"https:\/\/api.w.org\/{rel}","templated":true}]}}