{"id":17262,"date":"2025-05-28T10:27:05","date_gmt":"2025-05-28T08:27:05","guid":{"rendered":"https:\/\/entretormentas.com\/?p=17262"},"modified":"2025-05-28T10:27:06","modified_gmt":"2025-05-28T08:27:06","slug":"garantiza-las-becas-jel-luis-caldera-ratifica-que-levantara-la-bandera-de-la-dignidad-del-zulia","status":"publish","type":"post","link":"https:\/\/entretormentas.com\/garantiza-las-becas-jel-luis-caldera-ratifica-que-levantara-la-bandera-de-la-dignidad-del-zulia\/","title":{"rendered":"\u00a1GARANTIZA LAS BECAS JEL! Luis Caldera ratifica que levantar\u00e1 la bandera de la dignidad del Zulia"},"content":{"rendered":"\n<p><strong>ENTRE TORMENTAS.<\/strong> En un Teatro Baralt que qued\u00f3 peque\u00f1o ante un pueblo feliz y lleno de esperanza, el Consejo Nacional electoral (CNE), proclam\u00f3 a Luis Caldera como gobernador del estado Zulia; as\u00ed como a los legisladores y diputados escogidos en las elecciones del pasado domingo 25 de mayo.<\/p>\n\n\n\n<p>Tras recibir su credencial como el mandatario elegido para guiar los destinos del Zulia en los pr\u00f3ximo cuatro a\u00f1os, Caldera ratific\u00f3 que trabajar\u00e1 incansablemente para levantar la bandera de la dignidad del Zulia grande, pr\u00f3spero y seguro.<\/p>\n\n\n\n<p>\u201cPor decisi\u00f3n de Dios, bajo la protecci\u00f3n de la Chinita y la confianza, el amor y la entrega del pueblo zuliano, asumo mi consagraci\u00f3n infinita por este amado terru\u00f1o y lo hago convencido de que en estos pr\u00f3ximos cuatro a\u00f1os haremos del Zulia la primera regi\u00f3n de Venezuela\u201d, expres\u00f3 Caldera luego de recibir su credencial por parte de la Junta Electoral Regional.<\/p>\n\n\n\n<figure class=\"wp-block-image size-large\"><img fetchpriority=\"high\" decoding=\"async\" width=\"1024\" height=\"683\" src=\"https:\/\/entretormentas.com\/wp-content\/uploads\/2025\/05\/lcproclama2-1024x683.jpeg\" alt=\"\" class=\"wp-image-17263\" srcset=\"https:\/\/entretormentas.com\/wp-content\/uploads\/2025\/05\/lcproclama2-1024x683.jpeg 1024w, https:\/\/entretormentas.com\/wp-content\/uploads\/2025\/05\/lcproclama2-300x200.jpeg 300w, https:\/\/entretormentas.com\/wp-content\/uploads\/2025\/05\/lcproclama2-768x512.jpeg 768w, https:\/\/entretormentas.com\/wp-content\/uploads\/2025\/05\/lcproclama2.jpeg 1080w\" sizes=\"(max-width: 1024px) 100vw, 1024px\" \/><\/figure>\n\n\n\n<p>Sostuvo que su gobierno ser\u00e1 para todos los zulianos y que lo har\u00e1 con la conciencia de la moral, de que el di\u00e1logo, el encuentro, el respeto y la unidad, ser\u00e1n el centro para garantizar la prosperidad econ\u00f3mica y la soluci\u00f3n de los problemas acumulados.<\/p>\n\n\n\n<p>Ratific\u00f3 lo que en campa\u00f1a electoral expresaba en cada pueblo, comunidad y municipio, de gobernar con la gente y desde la gente, desconcentrando la gesti\u00f3n de gobierno de todos los rincones del estado, coordinando acciones y tomando decisiones con el Gobierno del presidente Nicol\u00e1s Maduro, con las autoridades municipales, con el gobierno comunal y con las organizaciones sociales, teniendo como premisa la \u00e9tica, la decencia y el encuentro con los m\u00e1s vulnerables.<\/p>\n\n\n\n<p>\u201cYo vengo a correr con los j\u00f3venes por los caminos guiados por los abuelos y las abuelas. Vengo a reconstruir, a derribar muros para construir puentes. Vengo para un gobierno con resultados en la salud, en la educaci\u00f3n, en los servicios, en la seguridad, en la vivienda, poniendo siempre el pecho y la cara ante las adversidades\u201d, manifest\u00f3.<\/p>\n\n\n\n<p>Con su plan de abrir las puertas de la gobernaci\u00f3n para el pueblo, puntualiz\u00f3 que el llamado Palacio de Gobierno ser\u00e1 la Casa del Gobierno para los zulianos y que desde este martes 27 de mayo se consolida un gran equipo para cumplir todos los preceptos constitucionales y legales de una transici\u00f3n en paz, ordenada y democr\u00e1tica.<\/p>\n\n\n\n<p>Envi\u00f3 un mensaje a todos los servidores y funcionarios de la Gobernaci\u00f3n del Zulia, manifestando que tendr\u00e1n un gobernador de di\u00e1logo y respeto.<\/p>\n\n\n\n<p>\u201cEsta credencial que recibo hoy, no es de Luis Caldera. Nosotros tenemos proyecto, tenemos legado y tenemos pueblo. Nosotros llegamos aqu\u00ed para cambiar lo que se tenga que cambiar, llegamos aqu\u00ed para que el Zulia tenga vialidad, universidades abiertas, para que el Zulia tenga en su gobernador, un protector de la inversi\u00f3n, del trabajo, del emprendimiento, de la generaci\u00f3n de empleo y de riqueza, para distribuir la tierra. Yo vengo a unirme a ustedes\u201d, sum\u00f3 el gobernador Caldera.<\/p>\n\n\n\n<figure class=\"wp-block-image size-full\"><img decoding=\"async\" width=\"533\" height=\"369\" src=\"https:\/\/entretormentas.com\/wp-content\/uploads\/2025\/05\/lcproclama3.jpeg\" alt=\"\" class=\"wp-image-17264\" srcset=\"https:\/\/entretormentas.com\/wp-content\/uploads\/2025\/05\/lcproclama3.jpeg 533w, https:\/\/entretormentas.com\/wp-content\/uploads\/2025\/05\/lcproclama3-300x208.jpeg 300w\" sizes=\"(max-width: 533px) 100vw, 533px\" \/><\/figure>\n\n\n\n<p><strong>BECAS JEL TENDR\u00c1N SU APOYO<\/strong><br>EL gobernador electo afirm\u00f3 que las becas universitarias Jes\u00fas Enrique Lossada (JEL), tendr\u00e1n su apoyo. \u00abNosotros no venimos a eliminar nada, nosotros venimos a eliminar lo malo, pero \u00bfqui\u00e9n puede decir que es malo la beca universitaria?\u00bb.<\/p>\n\n\n\n<p>\u00abYo lo he dicho ya en tres oportunidades, la pol\u00edtica central de Luis Caldera es el di\u00e1logo, respeto y la uni\u00f3n, y el di\u00e1logo pasa por profundizar, reconocer y apoyar las pol\u00edticas p\u00fablicas que est\u00e9 desarrollando el gobierno actual (\u2026) Voy a revisar l\u00f3gicamente, me sentar\u00e9 con los rectores, verificar\u00e9 precios, les pedir\u00e9 rebajas, les pedir\u00e9 m\u00e1s becas, les pedir\u00e9 mejores cosas para los muchachos, pero por supuesto, Luis Caldera va a apoyar a la juventud, porque yo s\u00e9 lo que es estudiar en una universidad, yo egres\u00e9 cuatro veces en la Universidad del Zulia, s\u00e9 lo que es ir al comedor de LUZ\u00bb, expres\u00f3.<\/p>\n\n\n\n<p>Caldera a\u00f1adi\u00f3 que se reunir\u00e1 con los estudiantes, impulsar\u00e1 la organizaci\u00f3n, para que tengan delegados y as\u00ed fortalecer la comunicaci\u00f3n directa con el gobernador.<\/p>\n\n\n\n<p>Anunci\u00f3 que crear\u00e1 el Fondo de Financiamiento al Emprendimiento Zuliano, en donde podr\u00e1n participar muchos de los j\u00f3venes beneficiarios de las becas. \u00abVan a recibir financiamiento esos muchachos que est\u00e9n en los \u00faltimos semestres, que puedan inclusive articular con el gobierno nacional y regional, que puedan hacer sus pasant\u00edas\u00bb.<br><strong><em>ET \/ Nota de Prensa<\/em><\/strong><\/p>\n\n\n\n<p><\/p>\n","protected":false},"excerpt":{"rendered":"<p>ENTRE TORMENTAS. En un Teatro Baralt que qued\u00f3 peque\u00f1o ante un pueblo feliz y lleno&#8230;<\/p>\n","protected":false},"author":2,"featured_media":17265,"comment_status":"closed","ping_status":"open","sticky":false,"template":"","format":"standard","meta":{"footnotes":""},"categories":[57,1],"tags":[],"class_list":["post-17262","post","type-post","status-publish","format-standard","has-post-thumbnail","hentry","category-actualidad","category-regionales"],"_links":{"self":[{"href":"https:\/\/entretormentas.com\/index.php?rest_route=\/wp\/v2\/posts\/17262","targetHints":{"allow":["GET"]}}],"collection":[{"href":"https:\/\/entretormentas.com\/index.php?rest_route=\/wp\/v2\/posts"}],"about":[{"href":"https:\/\/entretormentas.com\/index.php?rest_route=\/wp\/v2\/types\/post"}],"author":[{"embeddable":true,"href":"https:\/\/entretormentas.com\/index.php?rest_route=\/wp\/v2\/users\/2"}],"replies":[{"embeddable":true,"href":"https:\/\/entretormentas.com\/index.php?rest_route=%2Fwp%2Fv2%2Fcomments&post=17262"}],"version-history":[{"count":1,"href":"https:\/\/entretormentas.com\/index.php?rest_route=\/wp\/v2\/posts\/17262\/revisions"}],"predecessor-version":[{"id":17266,"href":"https:\/\/entretormentas.com\/index.php?rest_route=\/wp\/v2\/posts\/17262\/revisions\/17266"}],"wp:featuredmedia":[{"embeddable":true,"href":"https:\/\/entretormentas.com\/index.php?rest_route=\/wp\/v2\/media\/17265"}],"wp:attachment":[{"href":"https:\/\/entretormentas.com\/index.php?rest_route=%2Fwp%2Fv2%2Fmedia&parent=17262"}],"wp:term":[{"taxonomy":"category","embeddable":true,"href":"https:\/\/entretormentas.com\/index.php?rest_route=%2Fwp%2Fv2%2Fcategories&post=17262"},{"taxonomy":"post_tag","embeddable":true,"href":"https:\/\/entretormentas.com\/index.php?rest_route=%2Fwp%2Fv2%2Ftags&post=17262"}],"curies":[{"name":"wp","href":"https:\/\/api.w.org\/{rel}","templated":true}]}}