{"id":17267,"date":"2025-05-28T10:30:11","date_gmt":"2025-05-28T08:30:11","guid":{"rendered":"https:\/\/entretormentas.com\/?p=17267"},"modified":"2025-05-28T10:30:12","modified_gmt":"2025-05-28T08:30:12","slug":"oposicion-parlamentarios-electos-de-unt-son-proclamados-ante-comision-regional-del-cne","status":"publish","type":"post","link":"https:\/\/entretormentas.com\/oposicion-parlamentarios-electos-de-unt-son-proclamados-ante-comision-regional-del-cne\/","title":{"rendered":"\u00a1OPOSICI\u00d3N! Parlamentarios electos de UNT son proclamados ante comisi\u00f3n regional del CNE"},"content":{"rendered":"\n<p><strong>ENTRE TORMENTAS.<\/strong> La Comisi\u00f3n Regional del Consejo Nacional Electoral (CNE) proclam\u00f3 la tarde de este martes 27 de mayo a los diputados electos por el partido Un Nuevo Tiempo (UNT) en la regi\u00f3n zuliana.<\/p>\n\n\n\n<p>Los diputados a la Asamblea Nacional proclamados fueron: Nora Bracho, Carlos Dixon y \u00c1ngel Emiro Vera, todos escogidos por voto lista , y Ezio Angeline por el circuito 5 , Gladys Socorro por el circuito 6.<\/p>\n\n\n\n<p>Adem\u00e1s, proclamaron a Iraida Villasmil y Carlos Manuel Rosales como representantes ante el Concejo Legislativo del estado.<\/p>\n\n\n\n<p>\u00abCon valent\u00eda, compromiso y la frente en alto, los zulianos deben tener la certeza que, desde Un Nuevo Tiempo, seguiremos defendiendo al Zulia y a los zulianos en cada espacio conquistado. Con esperanza y determinaci\u00f3n, continuaremos luchando por un estado de progreso, desarrollo y futuro para todos\u00bb, escribieron en las redes de UNT.<br><strong><em>ET \/ Foco Informativo<\/em><\/strong><\/p>\n","protected":false},"excerpt":{"rendered":"<p>ENTRE TORMENTAS. La Comisi\u00f3n Regional del Consejo Nacional Electoral (CNE) proclam\u00f3 la tarde de este&#8230;<\/p>\n","protected":false},"author":2,"featured_media":17268,"comment_status":"closed","ping_status":"open","sticky":false,"template":"","format":"standard","meta":{"footnotes":""},"categories":[56,49],"tags":[],"class_list":["post-17267","post","type-post","status-publish","format-standard","has-post-thumbnail","hentry","category-destacadas","category-nacionales"],"_links":{"self":[{"href":"https:\/\/entretormentas.com\/index.php?rest_route=\/wp\/v2\/posts\/17267","targetHints":{"allow":["GET"]}}],"collection":[{"href":"https:\/\/entretormentas.com\/index.php?rest_route=\/wp\/v2\/posts"}],"about":[{"href":"https:\/\/entretormentas.com\/index.php?rest_route=\/wp\/v2\/types\/post"}],"author":[{"embeddable":true,"href":"https:\/\/entretormentas.com\/index.php?rest_route=\/wp\/v2\/users\/2"}],"replies":[{"embeddable":true,"href":"https:\/\/entretormentas.com\/index.php?rest_route=%2Fwp%2Fv2%2Fcomments&post=17267"}],"version-history":[{"count":1,"href":"https:\/\/entretormentas.com\/index.php?rest_route=\/wp\/v2\/posts\/17267\/revisions"}],"predecessor-version":[{"id":17269,"href":"https:\/\/entretormentas.com\/index.php?rest_route=\/wp\/v2\/posts\/17267\/revisions\/17269"}],"wp:featuredmedia":[{"embeddable":true,"href":"https:\/\/entretormentas.com\/index.php?rest_route=\/wp\/v2\/media\/17268"}],"wp:attachment":[{"href":"https:\/\/entretormentas.com\/index.php?rest_route=%2Fwp%2Fv2%2Fmedia&parent=17267"}],"wp:term":[{"taxonomy":"category","embeddable":true,"href":"https:\/\/entretormentas.com\/index.php?rest_route=%2Fwp%2Fv2%2Fcategories&post=17267"},{"taxonomy":"post_tag","embeddable":true,"href":"https:\/\/entretormentas.com\/index.php?rest_route=%2Fwp%2Fv2%2Ftags&post=17267"}],"curies":[{"name":"wp","href":"https:\/\/api.w.org\/{rel}","templated":true}]}}