{"id":17270,"date":"2025-05-28T10:34:06","date_gmt":"2025-05-28T08:34:06","guid":{"rendered":"https:\/\/entretormentas.com\/?p=17270"},"modified":"2025-05-28T10:34:08","modified_gmt":"2025-05-28T08:34:08","slug":"para-el-periodo-2026-2031-cne-otorga-credenciales-a-diputados-de-la-an-electos-el-25-may","status":"publish","type":"post","link":"https:\/\/entretormentas.com\/para-el-periodo-2026-2031-cne-otorga-credenciales-a-diputados-de-la-an-electos-el-25-may\/","title":{"rendered":"\u00a1PARA EL PER\u00cdODO 2026-2031! CNE otorga credenciales a diputados de la AN electos el 25-May"},"content":{"rendered":"\n<p><strong>ENTRE TORMENTAS.<\/strong> El Consejo Nacional Electoral (CNE) realiz\u00f3 el acto de proclamaci\u00f3n y adjudicaci\u00f3n de los diputados y diputadas a la Asamblea Nacional (AN) para el per\u00edodo 2026-2031, que resultaron electos el pasado domingo 25 de mayo.<\/p>\n\n\n\n<p>El presidente del CNE, Elvis Amoroso, se\u00f1al\u00f3 que es un orgullo tener a los diputados electos en este evento que se realiza de forma simult\u00e1nea en todas las regiones del pa\u00eds con los diputados de las listas y las gobernaciones.<\/p>\n\n\n\n<figure class=\"wp-block-image size-full\"><img fetchpriority=\"high\" decoding=\"async\" width=\"768\" height=\"450\" src=\"https:\/\/entretormentas.com\/wp-content\/uploads\/2025\/05\/proclama2.jpeg\" alt=\"\" class=\"wp-image-17271\" srcset=\"https:\/\/entretormentas.com\/wp-content\/uploads\/2025\/05\/proclama2.jpeg 768w, https:\/\/entretormentas.com\/wp-content\/uploads\/2025\/05\/proclama2-300x176.jpeg 300w\" sizes=\"(max-width: 768px) 100vw, 768px\" \/><\/figure>\n\n\n\n<p>\u00abEs un honor tenerlos a ustedes aqu\u00ed, diputados y diputadas, que van a regir la AN durante estos pr\u00f3ximos cinco a\u00f1os, en los que estaremos pendientes de las leyes y decisiones que tomar\u00e1n ustedes para el beneficio de nuestra naci\u00f3n\u00bb, asever\u00f3.<\/p>\n\n\n\n<p>Asimismo, agradeci\u00f3 \u00abal pueblo venezolano por dar nuevamente muestra de civismo y compromiso por la paz por nuestra querida patria Venezuela\u00bb.<\/p>\n\n\n\n<p>Amoroso, adem\u00e1s, reconoci\u00f3 el trabajo de la Fuerza Armada Nacional Bolivariana, que a\u00fan se encuentra desplegada en todo el territorio nacional, en cada uno de los puntos en donde exista un centro electoral.<\/p>\n\n\n\n<p><strong>DIPUTADOS ADJUDICADOS<\/strong><br>La lista de los proclamados por el GPPSB incluye a Jorge Jes\u00fas Rodr\u00edguez G\u00f3mez, Cilia Adela Flores de Maduro, Mar\u00eda Iris Varela Rangel, Juan Francisco Escalona Camargo. As\u00ed como Desire\u00e9 Santos Amaral, Wilmar Alfredo Castro Soteldo, Mar\u00eda de Lourdes Le\u00f3n, Luis Fernando Soto Rojas, Nohel\u00ed Pocaterra y Hermann Escarr\u00e1.<\/p>\n\n\n\n<p>Tambi\u00e9n figuran en la lista Francisco Javier Arias C\u00e1rdenas, William Jos\u00e9 Benavides Rond\u00f3n, Henry Armando Parra, Mar\u00eda Rosa Jim\u00e9nez Barreto, Yeixon Jos\u00e9 Guzm\u00e1n Araque, Jorge Alberto Arreaza Monserrat, Vanessa Yunet Montero L\u00f3pez, Ilenia Rosa Medina Carrasco, Didalco Antonio Bol\u00edvar Graterol, \u00c1ngel Bautista Marcano Castillo, Jos\u00e9 Gregorio Vielma Mora y Jes\u00fas Germ\u00e1n Far\u00eda Tortosa.<\/p>\n\n\n\n<figure class=\"wp-block-image size-full\"><img decoding=\"async\" width=\"680\" height=\"452\" src=\"https:\/\/entretormentas.com\/wp-content\/uploads\/2025\/05\/proclama3.jpeg\" alt=\"\" class=\"wp-image-17272\" srcset=\"https:\/\/entretormentas.com\/wp-content\/uploads\/2025\/05\/proclama3.jpeg 680w, https:\/\/entretormentas.com\/wp-content\/uploads\/2025\/05\/proclama3-300x199.jpeg 300w\" sizes=\"(max-width: 680px) 100vw, 680px\" \/><\/figure>\n\n\n\n<p>Completando el listado de los diputados del GPPSB proclamados se encuentran William Ram\u00f3n Fari\u00f1as, Miguel \u00c1ngel P\u00e9rez Abad, Nicia Mar\u00eda Maldonado Maldonado, Nazarela Rojas M\u00e9ndez, Ciro Vladimir Le\u00f3n, Osvaldo Ram\u00f3n Zamora Rivas, Wills Ascensi\u00f3n Rangel Linares, Pedro Tom\u00e1s Rangel Moreno, Gilberto Jes\u00fas Jim\u00e9nez Prieto, Ivonne del Carmen Ledezma Ron, Jos\u00e9 Antonio Espa\u00f1a M\u00e1rquez y Maigualida Esther Barrera Morales.<\/p>\n\n\n\n<p>Por la oposici\u00f3n se encuentran Bernab\u00e9 Guti\u00e9rrez, Timoteo Zambrano, Juan Carlos Alvarado, Luis Parra, Alfonso Campos, Jos\u00e9 Brito, Jos\u00e9 Gregorio Correa, Luis Augusto Romero, y Henrique Capriles, entre otros.<br><strong><em>ET \/ Globovisi\u00f3n<\/em><\/strong><\/p>\n\n\n\n<p><\/p>\n","protected":false},"excerpt":{"rendered":"<p>ENTRE TORMENTAS. El Consejo Nacional Electoral (CNE) realiz\u00f3 el acto de proclamaci\u00f3n y adjudicaci\u00f3n de&#8230;<\/p>\n","protected":false},"author":2,"featured_media":17273,"comment_status":"closed","ping_status":"open","sticky":false,"template":"","format":"standard","meta":{"footnotes":""},"categories":[56,49],"tags":[],"class_list":["post-17270","post","type-post","status-publish","format-standard","has-post-thumbnail","hentry","category-destacadas","category-nacionales"],"_links":{"self":[{"href":"https:\/\/entretormentas.com\/index.php?rest_route=\/wp\/v2\/posts\/17270","targetHints":{"allow":["GET"]}}],"collection":[{"href":"https:\/\/entretormentas.com\/index.php?rest_route=\/wp\/v2\/posts"}],"about":[{"href":"https:\/\/entretormentas.com\/index.php?rest_route=\/wp\/v2\/types\/post"}],"author":[{"embeddable":true,"href":"https:\/\/entretormentas.com\/index.php?rest_route=\/wp\/v2\/users\/2"}],"replies":[{"embeddable":true,"href":"https:\/\/entretormentas.com\/index.php?rest_route=%2Fwp%2Fv2%2Fcomments&post=17270"}],"version-history":[{"count":1,"href":"https:\/\/entretormentas.com\/index.php?rest_route=\/wp\/v2\/posts\/17270\/revisions"}],"predecessor-version":[{"id":17274,"href":"https:\/\/entretormentas.com\/index.php?rest_route=\/wp\/v2\/posts\/17270\/revisions\/17274"}],"wp:featuredmedia":[{"embeddable":true,"href":"https:\/\/entretormentas.com\/index.php?rest_route=\/wp\/v2\/media\/17273"}],"wp:attachment":[{"href":"https:\/\/entretormentas.com\/index.php?rest_route=%2Fwp%2Fv2%2Fmedia&parent=17270"}],"wp:term":[{"taxonomy":"category","embeddable":true,"href":"https:\/\/entretormentas.com\/index.php?rest_route=%2Fwp%2Fv2%2Fcategories&post=17270"},{"taxonomy":"post_tag","embeddable":true,"href":"https:\/\/entretormentas.com\/index.php?rest_route=%2Fwp%2Fv2%2Ftags&post=17270"}],"curies":[{"name":"wp","href":"https:\/\/api.w.org\/{rel}","templated":true}]}}