{"id":17275,"date":"2025-05-28T10:36:15","date_gmt":"2025-05-28T08:36:15","guid":{"rendered":"https:\/\/entretormentas.com\/?p=17275"},"modified":"2025-05-28T10:36:16","modified_gmt":"2025-05-28T08:36:16","slug":"mayoria-evidente-oficialismo-obtiene-en-la-an-256-diputados-y-la-oposicion-29","status":"publish","type":"post","link":"https:\/\/entretormentas.com\/mayoria-evidente-oficialismo-obtiene-en-la-an-256-diputados-y-la-oposicion-29\/","title":{"rendered":"\u00a1MAYOR\u00cdA EVIDENTE! Oficialismo obtiene en la AN 256 diputados y la oposici\u00f3n 29"},"content":{"rendered":"\n<p><strong>ENTRE TORMENTAS. <\/strong>El presidente de la Asamblea Nacional (AN), Jorge Rodr\u00edguez, asegur\u00f3 que el chavismo obtuvo 256 diputados de un total de 285 en los comicios regionales y legislativos del domingo, en los que la oposici\u00f3n, a\u00f1adi\u00f3, consigui\u00f3 29 curules.<\/p>\n\n\n\n<p>\u00abEl chavismo obtuvo 256 diputados de 285, es decir, el 90 % de los diputados de la Asamblea Nacional son del Gran Polo Patri\u00f3tico Sim\u00f3n Bol\u00edvar\u00bb, indic\u00f3 en el programa de televisi\u00f3n Con Maduro+.<\/p>\n\n\n\n<p>Asimismo dijo que \u00ablas oposiciones\u00bb, que se presentaron en 10 alianzas distintas, \u00abobtuvieron un total de 29 diputados en total.<\/p>\n\n\n\n<p>Rodr\u00edguez ley\u00f3 los nombres de los diputados opositores electos en la lista nacional, entre los que quedaron por la Alianza Democr\u00e1tica Bernab\u00e9 Guti\u00e9rrez, Timoteo Zambrano, Alfonso Campos, Luis Parra, Luis Augusto Romero, Juan Carlos Alvarado, Jos\u00e9 Brito y Jos\u00e9 Gregorio Correa.<\/p>\n\n\n\n<p>Asimismo, se\u00f1al\u00f3 que por la alianza de Un Nuevo Tiempo y Uni\u00f3n y Cambio fueron electos Henrique Capriles, Luis Emilio Rond\u00f3n, Stalin Gonz\u00e1lez, Tom\u00e1s Guanipa, Henri Falc\u00f3n y Pablo P\u00e9rez.<\/p>\n\n\n\n<p>Rodr\u00edguez indic\u00f3 que tambi\u00e9n fueron elegidos por Fuerza Vecinal, David Uzc\u00e1tegui y F\u00e9lix Freites, y por la Alianza L\u00e1piz Antonio Ecarri.<br><strong><em>ET \/ EFE<\/em><\/strong><\/p>\n\n\n\n<p><\/p>\n","protected":false},"excerpt":{"rendered":"<p>ENTRE TORMENTAS. El presidente de la Asamblea Nacional (AN), Jorge Rodr\u00edguez, asegur\u00f3 que el chavismo&#8230;<\/p>\n","protected":false},"author":2,"featured_media":17276,"comment_status":"closed","ping_status":"open","sticky":false,"template":"","format":"standard","meta":{"footnotes":""},"categories":[56,49],"tags":[],"class_list":["post-17275","post","type-post","status-publish","format-standard","has-post-thumbnail","hentry","category-destacadas","category-nacionales"],"_links":{"self":[{"href":"https:\/\/entretormentas.com\/index.php?rest_route=\/wp\/v2\/posts\/17275","targetHints":{"allow":["GET"]}}],"collection":[{"href":"https:\/\/entretormentas.com\/index.php?rest_route=\/wp\/v2\/posts"}],"about":[{"href":"https:\/\/entretormentas.com\/index.php?rest_route=\/wp\/v2\/types\/post"}],"author":[{"embeddable":true,"href":"https:\/\/entretormentas.com\/index.php?rest_route=\/wp\/v2\/users\/2"}],"replies":[{"embeddable":true,"href":"https:\/\/entretormentas.com\/index.php?rest_route=%2Fwp%2Fv2%2Fcomments&post=17275"}],"version-history":[{"count":1,"href":"https:\/\/entretormentas.com\/index.php?rest_route=\/wp\/v2\/posts\/17275\/revisions"}],"predecessor-version":[{"id":17277,"href":"https:\/\/entretormentas.com\/index.php?rest_route=\/wp\/v2\/posts\/17275\/revisions\/17277"}],"wp:featuredmedia":[{"embeddable":true,"href":"https:\/\/entretormentas.com\/index.php?rest_route=\/wp\/v2\/media\/17276"}],"wp:attachment":[{"href":"https:\/\/entretormentas.com\/index.php?rest_route=%2Fwp%2Fv2%2Fmedia&parent=17275"}],"wp:term":[{"taxonomy":"category","embeddable":true,"href":"https:\/\/entretormentas.com\/index.php?rest_route=%2Fwp%2Fv2%2Fcategories&post=17275"},{"taxonomy":"post_tag","embeddable":true,"href":"https:\/\/entretormentas.com\/index.php?rest_route=%2Fwp%2Fv2%2Ftags&post=17275"}],"curies":[{"name":"wp","href":"https:\/\/api.w.org\/{rel}","templated":true}]}}