{"id":17296,"date":"2025-05-28T16:58:48","date_gmt":"2025-05-28T14:58:48","guid":{"rendered":"https:\/\/entretormentas.com\/?p=17296"},"modified":"2025-05-28T16:58:48","modified_gmt":"2025-05-28T14:58:48","slug":"para-revitalizacion-de-idiomas-indigenas-el-inidi-inaugura-dos-nichos-etnolinguisticos-en-el-municipio-mara","status":"publish","type":"post","link":"https:\/\/entretormentas.com\/para-revitalizacion-de-idiomas-indigenas-el-inidi-inaugura-dos-nichos-etnolinguisticos-en-el-municipio-mara\/","title":{"rendered":"\u00a1PARA REVITALIZACI\u00d3N DE IDIOMAS IND\u00cdGENAS! El INIDI inaugura dos Nichos Etnolinguisticos en el municipio Mara"},"content":{"rendered":"\n<p><strong>ENTRE TORMENTAS. <\/strong>El Gobierno Nacional a trav\u00e9s del Instituto Nacional de Idiomas Ind\u00edgenas (INIDI) ejecuta pol\u00edticas de formaci\u00f3n para fortalecer el proceso de revitalizaci\u00f3n de las lenguas originarias en Venezuela. En tal sentido, fueron inaugurados en el municipio Mara del estado Zulia, dos nuevos Nichos Etnolinguisticos espacios, donde se imparte educaci\u00f3n propia a ni\u00f1os, ni\u00f1as y j\u00f3venes por parte de sabios y sabias Ind\u00edgenas con el objetivo de preservar la cultura, valores e Idiomas ancestrales.<\/p>\n\n\n\n<figure class=\"wp-block-image size-large\"><img fetchpriority=\"high\" decoding=\"async\" width=\"1024\" height=\"768\" src=\"https:\/\/entretormentas.com\/wp-content\/uploads\/2025\/05\/indi1-1024x768.jpeg\" alt=\"\" class=\"wp-image-17297\" srcset=\"https:\/\/entretormentas.com\/wp-content\/uploads\/2025\/05\/indi1-1024x768.jpeg 1024w, https:\/\/entretormentas.com\/wp-content\/uploads\/2025\/05\/indi1-300x225.jpeg 300w, https:\/\/entretormentas.com\/wp-content\/uploads\/2025\/05\/indi1-768x576.jpeg 768w, https:\/\/entretormentas.com\/wp-content\/uploads\/2025\/05\/indi1.jpeg 1040w\" sizes=\"(max-width: 1024px) 100vw, 1024px\" \/><\/figure>\n\n\n\n<p>Leonor Polanco, Jefa del INIDI Divisi\u00f3n Zulia, inform\u00f3 que uno de los Nichos fue instalado en la comunidad ind\u00edgena \u00abel Trono\u00bb, ubicada en la Parroquia la Sierrita del municipio Mara, el espacio lleva el nombre de \u00abMar\u00eda de Sempr\u00fam Uliana\u00bb en homenaje a una lideresa Wayuu. All\u00ed bajo una enramada t\u00edpica del pueblo Wayuu los ni\u00f1os, ni\u00f1as y j\u00f3venes tendr\u00e1n la oportunidad de recibir conocimientos que se han venido transmitiendo de generaci\u00f3n en generaci\u00f3n y forman parte de la cultura y tradiciones originarias.<\/p>\n\n\n\n<p>Igualmente, Lisandro M\u00e1rquez, Director de Pueblos Ind\u00edgenas de la Alcald\u00eda de Mara afirm\u00f3 que articuladamente con el INIDI, adem\u00e1s fue creado otro Nicho Etnolinguistico en la comunidad ind\u00edgena Campamento del la localidad marense. Resalt\u00f3 que est\u00e1 pol\u00edtica educativa Intercultural biling\u00fce integra a la comunidad con las formaci\u00f3n de la juventud en aspectos esenciales para la conservaci\u00f3n de sus valores y el dominio de la lengua materna.<\/p>\n\n\n\n<figure class=\"wp-block-image size-large\"><img decoding=\"async\" width=\"1024\" height=\"768\" src=\"https:\/\/entretormentas.com\/wp-content\/uploads\/2025\/05\/indi2-1024x768.jpeg\" alt=\"\" class=\"wp-image-17298\" srcset=\"https:\/\/entretormentas.com\/wp-content\/uploads\/2025\/05\/indi2-1024x768.jpeg 1024w, https:\/\/entretormentas.com\/wp-content\/uploads\/2025\/05\/indi2-300x225.jpeg 300w, https:\/\/entretormentas.com\/wp-content\/uploads\/2025\/05\/indi2-768x576.jpeg 768w, https:\/\/entretormentas.com\/wp-content\/uploads\/2025\/05\/indi2.jpeg 1040w\" sizes=\"(max-width: 1024px) 100vw, 1024px\" \/><\/figure>\n\n\n\n<p>Durante la jornada de inauguraci\u00f3n de los dos Nichos etnolinguisticos en el municipio Mara tambi\u00e9n estuvieron presentes la Profesora Sara Aray coordinadora Nacional de Nichos Etnoling\u00fcisticos del INIDI y el profesor Rondy Castillo coordinador regional de Nichos Etnolinguisticos, adem\u00e1s de sabios, sabias y docentes Wayuu.<br><strong><em>ET \/ Prensa INIDI Zulia<\/em><\/strong><\/p>\n\n\n\n<p><\/p>\n","protected":false},"excerpt":{"rendered":"<p>ENTRE TORMENTAS. El Gobierno Nacional a trav\u00e9s del Instituto Nacional de Idiomas Ind\u00edgenas (INIDI) ejecuta&#8230;<\/p>\n","protected":false},"author":2,"featured_media":17299,"comment_status":"closed","ping_status":"open","sticky":false,"template":"","format":"standard","meta":{"footnotes":""},"categories":[1],"tags":[],"class_list":["post-17296","post","type-post","status-publish","format-standard","has-post-thumbnail","hentry","category-regionales"],"_links":{"self":[{"href":"https:\/\/entretormentas.com\/index.php?rest_route=\/wp\/v2\/posts\/17296","targetHints":{"allow":["GET"]}}],"collection":[{"href":"https:\/\/entretormentas.com\/index.php?rest_route=\/wp\/v2\/posts"}],"about":[{"href":"https:\/\/entretormentas.com\/index.php?rest_route=\/wp\/v2\/types\/post"}],"author":[{"embeddable":true,"href":"https:\/\/entretormentas.com\/index.php?rest_route=\/wp\/v2\/users\/2"}],"replies":[{"embeddable":true,"href":"https:\/\/entretormentas.com\/index.php?rest_route=%2Fwp%2Fv2%2Fcomments&post=17296"}],"version-history":[{"count":1,"href":"https:\/\/entretormentas.com\/index.php?rest_route=\/wp\/v2\/posts\/17296\/revisions"}],"predecessor-version":[{"id":17300,"href":"https:\/\/entretormentas.com\/index.php?rest_route=\/wp\/v2\/posts\/17296\/revisions\/17300"}],"wp:featuredmedia":[{"embeddable":true,"href":"https:\/\/entretormentas.com\/index.php?rest_route=\/wp\/v2\/media\/17299"}],"wp:attachment":[{"href":"https:\/\/entretormentas.com\/index.php?rest_route=%2Fwp%2Fv2%2Fmedia&parent=17296"}],"wp:term":[{"taxonomy":"category","embeddable":true,"href":"https:\/\/entretormentas.com\/index.php?rest_route=%2Fwp%2Fv2%2Fcategories&post=17296"},{"taxonomy":"post_tag","embeddable":true,"href":"https:\/\/entretormentas.com\/index.php?rest_route=%2Fwp%2Fv2%2Ftags&post=17296"}],"curies":[{"name":"wp","href":"https:\/\/api.w.org\/{rel}","templated":true}]}}