{"id":17309,"date":"2025-05-28T23:53:22","date_gmt":"2025-05-28T21:53:22","guid":{"rendered":"https:\/\/entretormentas.com\/?p=17309"},"modified":"2025-05-28T23:53:22","modified_gmt":"2025-05-28T21:53:22","slug":"develan-su-retrato-como-pdte-del-cmm-omar-molina-dispuesto-al-trabajo-conjunto-con-el-nuevo-gobernador-del-zulia","status":"publish","type":"post","link":"https:\/\/entretormentas.com\/develan-su-retrato-como-pdte-del-cmm-omar-molina-dispuesto-al-trabajo-conjunto-con-el-nuevo-gobernador-del-zulia\/","title":{"rendered":"\u00a1DEVELAN SU RETRATO COMO PDTE. DEL CMM! Omar Molina dispuesto al trabajo conjunto con el nuevo gobernador del Zulia"},"content":{"rendered":"\n<p><strong>ENTRE TORMENTAS. <\/strong>El presidente del Concejo Municipal de Maracaibo, concejal Omar Molina, reconoce la reciente elecci\u00f3n del ciudadano Luis Caldera como gobernador del estado Zulia, manifestando su disposici\u00f3n institucional para trabajar en favor de los intereses de la ciudadan\u00eda, especialmente en \u00e1reas prioritarias como el saneamiento ambiental.<\/p>\n\n\n\n<p>En este sentido, el concejal Molina reconoce la necesidad urgente de fortalecer la gesti\u00f3n de los residuos s\u00f3lidos en Maracaibo, como un eje clave para mejorar la calidad de vida de los habitantes del municipio. Al respecto, valora positivamente que este tema forme parte de los proyectos anunciados por el nuevo gobernador, y expresa su voluntad de contribuir desde el Concejo Municipal con iniciativas que permitan avanzar en soluciones concretas y sostenibles.<\/p>\n\n\n\n<figure class=\"wp-block-image size-large\"><img fetchpriority=\"high\" decoding=\"async\" width=\"1024\" height=\"919\" src=\"https:\/\/entretormentas.com\/wp-content\/uploads\/2025\/05\/omarm2-1024x919.jpeg\" alt=\"\" class=\"wp-image-17310\" srcset=\"https:\/\/entretormentas.com\/wp-content\/uploads\/2025\/05\/omarm2-1024x919.jpeg 1024w, https:\/\/entretormentas.com\/wp-content\/uploads\/2025\/05\/omarm2-300x269.jpeg 300w, https:\/\/entretormentas.com\/wp-content\/uploads\/2025\/05\/omarm2-768x689.jpeg 768w, https:\/\/entretormentas.com\/wp-content\/uploads\/2025\/05\/omarm2-1536x1379.jpeg 1536w, https:\/\/entretormentas.com\/wp-content\/uploads\/2025\/05\/omarm2.jpeg 1600w\" sizes=\"(max-width: 1024px) 100vw, 1024px\" \/><\/figure>\n\n\n\n<p>\u201cM\u00e1s all\u00e1 de las diferencias pol\u00edticas, es fundamental que las instituciones podamos articular esfuerzos en funci\u00f3n del bienestar colectivo. El tema de la basura en Maracaibo requiere acciones inmediatas y coordinadas entre todos los niveles de gobierno\u201d, se\u00f1al\u00f3 Molina.<\/p>\n\n\n\n<p>El presidente del Concejo tambi\u00e9n resalt\u00f3 la importancia de sumar a la ciudadan\u00eda en este proceso, promoviendo la participaci\u00f3n comunitaria como base para pol\u00edticas p\u00fablicas efectivas.<\/p>\n\n\n\n<p><strong>DEVELAN RETRATO DE MOLINA COMO PRESIDENTE DEL CMM<\/strong><br>En un acto solemne privado, el Concejo Municipal de Maracaibo llev\u00f3 a cabo la develaci\u00f3n del retrato oficial de su presidente, Omar Molina, en reconocimiento a su liderazgo y compromiso con el desarrollo de la ciudad.<\/p>\n\n\n\n<p>Molina pasa a ser el presidente numero 48 de los que han tomado las riendas de este hemiciclo desde 1958, donde algunos tuvieron m\u00e1s de un periodo de gesti\u00f3n y para este 2025 el edil fue nombrado como figura principal de este curul.<\/p>\n\n\n\n<figure class=\"wp-block-image size-full\"><img decoding=\"async\" width=\"800\" height=\"533\" src=\"https:\/\/entretormentas.com\/wp-content\/uploads\/2025\/05\/omarm3.jpeg\" alt=\"\" class=\"wp-image-17311\" srcset=\"https:\/\/entretormentas.com\/wp-content\/uploads\/2025\/05\/omarm3.jpeg 800w, https:\/\/entretormentas.com\/wp-content\/uploads\/2025\/05\/omarm3-300x200.jpeg 300w, https:\/\/entretormentas.com\/wp-content\/uploads\/2025\/05\/omarm3-768x512.jpeg 768w\" sizes=\"(max-width: 800px) 100vw, 800px\" \/><\/figure>\n\n\n\n<p>La ceremonia, se realiz\u00f3 en la sede del Concejo Municipal, en el sal\u00f3n de sesiones \u201cDr. Jes\u00fas Enrique Lossada\u201d, y cont\u00f3 con la presencia de concejales, autoridades locales y representantes de la comunidad, quienes destacaron la labor de Molina en la gesti\u00f3n municipal y su impacto positivo en la vida de los marabinos.<\/p>\n\n\n\n<p>Durante el evento, el presidente del Concejo Municipal expres\u00f3 su agradecimiento por este homenaje, reiterando su compromiso de seguir trabajando en favor del bienestar de la ciudad y sus habitantes. \u00abEste reconocimiento no es solo para m\u00ed, sino para todo un equipo que d\u00eda a d\u00eda aporta su esfuerzo para construir una Maracaibo mejor\u00bb, se\u00f1al\u00f3 Molina.<br><strong><em>ET \/ Prensa CMM<\/em><\/strong><\/p>\n\n\n\n<p><\/p>\n","protected":false},"excerpt":{"rendered":"<p>ENTRE TORMENTAS. El presidente del Concejo Municipal de Maracaibo, concejal Omar Molina, reconoce la reciente&#8230;<\/p>\n","protected":false},"author":2,"featured_media":17312,"comment_status":"closed","ping_status":"open","sticky":false,"template":"","format":"standard","meta":{"footnotes":""},"categories":[57,1],"tags":[],"class_list":["post-17309","post","type-post","status-publish","format-standard","has-post-thumbnail","hentry","category-actualidad","category-regionales"],"_links":{"self":[{"href":"https:\/\/entretormentas.com\/index.php?rest_route=\/wp\/v2\/posts\/17309","targetHints":{"allow":["GET"]}}],"collection":[{"href":"https:\/\/entretormentas.com\/index.php?rest_route=\/wp\/v2\/posts"}],"about":[{"href":"https:\/\/entretormentas.com\/index.php?rest_route=\/wp\/v2\/types\/post"}],"author":[{"embeddable":true,"href":"https:\/\/entretormentas.com\/index.php?rest_route=\/wp\/v2\/users\/2"}],"replies":[{"embeddable":true,"href":"https:\/\/entretormentas.com\/index.php?rest_route=%2Fwp%2Fv2%2Fcomments&post=17309"}],"version-history":[{"count":1,"href":"https:\/\/entretormentas.com\/index.php?rest_route=\/wp\/v2\/posts\/17309\/revisions"}],"predecessor-version":[{"id":17313,"href":"https:\/\/entretormentas.com\/index.php?rest_route=\/wp\/v2\/posts\/17309\/revisions\/17313"}],"wp:featuredmedia":[{"embeddable":true,"href":"https:\/\/entretormentas.com\/index.php?rest_route=\/wp\/v2\/media\/17312"}],"wp:attachment":[{"href":"https:\/\/entretormentas.com\/index.php?rest_route=%2Fwp%2Fv2%2Fmedia&parent=17309"}],"wp:term":[{"taxonomy":"category","embeddable":true,"href":"https:\/\/entretormentas.com\/index.php?rest_route=%2Fwp%2Fv2%2Fcategories&post=17309"},{"taxonomy":"post_tag","embeddable":true,"href":"https:\/\/entretormentas.com\/index.php?rest_route=%2Fwp%2Fv2%2Ftags&post=17309"}],"curies":[{"name":"wp","href":"https:\/\/api.w.org\/{rel}","templated":true}]}}