{"id":17314,"date":"2025-05-28T23:57:09","date_gmt":"2025-05-28T21:57:09","guid":{"rendered":"https:\/\/entretormentas.com\/?p=17314"},"modified":"2025-05-28T23:57:10","modified_gmt":"2025-05-28T21:57:10","slug":"apartando-diferencias-ely-ramon-atencio-felicita-al-gobernador-luis-caldera-y-lo-invita-a-trabajar-en-conjunto","status":"publish","type":"post","link":"https:\/\/entretormentas.com\/apartando-diferencias-ely-ramon-atencio-felicita-al-gobernador-luis-caldera-y-lo-invita-a-trabajar-en-conjunto\/","title":{"rendered":"\u00a1APARTANDO DIFERENCIAS! Ely Ram\u00f3n Atencio felicita al gobernador Luis Caldera y lo invita a trabajar en conjunto"},"content":{"rendered":"\n<p><strong>ENTRE TORMENTAS.<\/strong> El ex candidato a la Gobernaci\u00f3n del Zulia por el partido AD y alcalde del municipio Rosario de Perij\u00e1, Ely Ram\u00f3n Atencio, felicit\u00f3 a Luis Caldera tras resultar electo como nuevo gobernador de la entidad en los comicios realizados el pasado 25 de mayo.<\/p>\n\n\n\n<p>Atencio env\u00edo un mensaje a los candidatos que participaron en las elecciones y a los votantes que sufragaron: \u00abquiero agradecer a todo el pueblo zuliano que particip\u00f3 indistintamente por quien haya votado. Esas personas hicieron posible este ejercicio democr\u00e1tico; tambi\u00e9n quiero felicitar a los candidatos, ya que le dimos la cara a est\u00e1 situaci\u00f3n, cada uno con sus propuestas\u00bb, precis\u00f3 Atencio.<\/p>\n\n\n\n<figure class=\"wp-block-image size-large\"><img fetchpriority=\"high\" decoding=\"async\" width=\"1024\" height=\"770\" src=\"https:\/\/entretormentas.com\/wp-content\/uploads\/2025\/05\/erap2-1024x770.jpeg\" alt=\"\" class=\"wp-image-17315\" srcset=\"https:\/\/entretormentas.com\/wp-content\/uploads\/2025\/05\/erap2-1024x770.jpeg 1024w, https:\/\/entretormentas.com\/wp-content\/uploads\/2025\/05\/erap2-300x226.jpeg 300w, https:\/\/entretormentas.com\/wp-content\/uploads\/2025\/05\/erap2-768x578.jpeg 768w, https:\/\/entretormentas.com\/wp-content\/uploads\/2025\/05\/erap2.jpeg 1280w\" sizes=\"(max-width: 1024px) 100vw, 1024px\" \/><\/figure>\n\n\n\n<p><strong>TRABAJO EN CONJUNTO<\/strong><br>\u00abMe pongo a disposici\u00f3n para el trabajo en conjunto de los que decidimos participar, hablamos siempre del concepto de la co gesti\u00f3n que nos invita a buscar puntos de encuentro, aunque pensemos y tengamos colores partidistas distintos que nos permitan unificar criterios para buscarle la soluci\u00f3n a los problemas de la gente, con nosotros va a contar\u00bb, dijo.<\/p>\n\n\n\n<p>Por otro lado, hizo nuevamente la solicitud al presidente Nicol\u00e1s Maduro para que le regrese las competencias al nuevo gobernador Luis Caldera, como lo son el Puente sobre el Lago, el Aeropuerto, el Puerto, para poder transformar el Zulia\u00bb.<\/p>\n\n\n\n<p>Tambi\u00e9n solicit\u00f3 al gobernador electo Luis Caldera que transfiera el Peaje de la Villa del Rosario para demostrar como bajo su gesti\u00f3n transformar\u00eda la troncal 006, para ayudarle a gobernar en el concepto de la congesti\u00f3n, \u00abesperamos que est\u00e1s relaciones con las instancias de gobierno se mantengan o se mejoren\u00bb, concluy\u00f3.<br><strong><em>ET \/ Nota de Prensa<\/em><\/strong><\/p>\n","protected":false},"excerpt":{"rendered":"<p>ENTRE TORMENTAS. El ex candidato a la Gobernaci\u00f3n del Zulia por el partido AD y&#8230;<\/p>\n","protected":false},"author":2,"featured_media":17316,"comment_status":"closed","ping_status":"open","sticky":false,"template":"","format":"standard","meta":{"footnotes":""},"categories":[57,1],"tags":[],"class_list":["post-17314","post","type-post","status-publish","format-standard","has-post-thumbnail","hentry","category-actualidad","category-regionales"],"_links":{"self":[{"href":"https:\/\/entretormentas.com\/index.php?rest_route=\/wp\/v2\/posts\/17314","targetHints":{"allow":["GET"]}}],"collection":[{"href":"https:\/\/entretormentas.com\/index.php?rest_route=\/wp\/v2\/posts"}],"about":[{"href":"https:\/\/entretormentas.com\/index.php?rest_route=\/wp\/v2\/types\/post"}],"author":[{"embeddable":true,"href":"https:\/\/entretormentas.com\/index.php?rest_route=\/wp\/v2\/users\/2"}],"replies":[{"embeddable":true,"href":"https:\/\/entretormentas.com\/index.php?rest_route=%2Fwp%2Fv2%2Fcomments&post=17314"}],"version-history":[{"count":1,"href":"https:\/\/entretormentas.com\/index.php?rest_route=\/wp\/v2\/posts\/17314\/revisions"}],"predecessor-version":[{"id":17317,"href":"https:\/\/entretormentas.com\/index.php?rest_route=\/wp\/v2\/posts\/17314\/revisions\/17317"}],"wp:featuredmedia":[{"embeddable":true,"href":"https:\/\/entretormentas.com\/index.php?rest_route=\/wp\/v2\/media\/17316"}],"wp:attachment":[{"href":"https:\/\/entretormentas.com\/index.php?rest_route=%2Fwp%2Fv2%2Fmedia&parent=17314"}],"wp:term":[{"taxonomy":"category","embeddable":true,"href":"https:\/\/entretormentas.com\/index.php?rest_route=%2Fwp%2Fv2%2Fcategories&post=17314"},{"taxonomy":"post_tag","embeddable":true,"href":"https:\/\/entretormentas.com\/index.php?rest_route=%2Fwp%2Fv2%2Ftags&post=17314"}],"curies":[{"name":"wp","href":"https:\/\/api.w.org\/{rel}","templated":true}]}}