{"id":17321,"date":"2025-05-29T00:04:09","date_gmt":"2025-05-28T22:04:09","guid":{"rendered":"https:\/\/entretormentas.com\/?p=17321"},"modified":"2025-05-29T00:04:09","modified_gmt":"2025-05-28T22:04:09","slug":"en-los-ultimos-10-dias-cabello-asegura-que-se-neutralizaron-casi-60-ataques-a-las-instalaciones-petroleras","status":"publish","type":"post","link":"https:\/\/entretormentas.com\/en-los-ultimos-10-dias-cabello-asegura-que-se-neutralizaron-casi-60-ataques-a-las-instalaciones-petroleras\/","title":{"rendered":"\u00a1EN LOS \u00daLTIMOS 10 D\u00cdAS! Cabello asegura que se neutralizaron casi 60 ataques a las instalaciones petroleras"},"content":{"rendered":"\n<p><strong>ENTRE TORMENTAS.<\/strong> El ministro para las Relaciones Interiores, Justicia y Paz, Diosdado Cabello, dio un balance de las \u00faltimas investigaciones de grupos terroristas que ten\u00edan como objetivo sabotear con ataques las elecciones regionales y legislativas del domingo 25 de mayo.<\/p>\n\n\n\n<p>Inform\u00f3 sobre los casi 60 ataques a la industria petrolera, financiadas por el narcotr\u00e1fico, que lograron neutralizar gracias al desempe\u00f1o de la Fuerza Armada Nacional Bolivariana y autoridades de PDVSA, donde tambi\u00e9n atacaron una estaci\u00f3n el\u00e9ctrica en San Felipe, estado Yaracuy.<\/p>\n\n\n\n<p>\u00abSe neutralizaron casi 60 ataques a instalaciones petroleras en los \u00faltimos 10 d\u00edas, no dir\u00e9 como los netralizamos para no darle elementos a los enemigos de la patria, finalizando la jornada decidieron atacar una estaci\u00f3n el\u00e9ctrica en San Felipe\u00bb, indic\u00f3 el ministro Cabello.<\/p>\n\n\n\n<figure class=\"wp-block-image size-large\"><img fetchpriority=\"high\" decoding=\"async\" width=\"1024\" height=\"718\" src=\"https:\/\/entretormentas.com\/wp-content\/uploads\/2025\/05\/cabel2-1024x718.jpeg\" alt=\"\" class=\"wp-image-17322\" srcset=\"https:\/\/entretormentas.com\/wp-content\/uploads\/2025\/05\/cabel2-1024x718.jpeg 1024w, https:\/\/entretormentas.com\/wp-content\/uploads\/2025\/05\/cabel2-300x210.jpeg 300w, https:\/\/entretormentas.com\/wp-content\/uploads\/2025\/05\/cabel2-768x538.jpeg 768w, https:\/\/entretormentas.com\/wp-content\/uploads\/2025\/05\/cabel2.jpeg 1170w\" sizes=\"(max-width: 1024px) 100vw, 1024px\" \/><\/figure>\n\n\n\n<p><strong>RESPONSABILIZA A LA OPOSICI\u00d3N<\/strong><br>\u00abPrimero agradezco a los organismos de seguridad del Estado y los funcionarios que han participado en el desmantelamiento y neutralizaci\u00f3n de estos grupos, para poder terminar la jornada del 25 de mayo en paz, en tranquilidad y que no haya habido hechos de violencia ni eventos negativos generados por sectores terroristas de la oposici\u00f3n venezolana. Fue un trabajo organizado y mancomunado\u00bb, expres\u00f3.<\/p>\n\n\n\n<p>Asegur\u00f3 que la oposici\u00f3n no va a dejar de hacer este tipo de acciones porque considera que esa es \u00absu naturaleza\u00bb.<\/p>\n\n\n\n<p>A Guanipa lo detuvieron el pasado 23 de mayo, se\u00f1alado como \u00abuno de los jefes\u00bb del grupo de terroristas que pretend\u00eda atentar contra el pa\u00eds.<\/p>\n\n\n\n<p><strong>VARIAS ONG Y DEFENSORES DE DDHH EN LA MIRA<\/strong><br>El ministro tambi\u00e9n indic\u00f3 que hicieron nuevos allanamientos en Los Teques, donde decomisaron una maleta llena de armas. \u00abNo nos importa que vengan con el cuento de que son defensores de derechos humanos. Es puro gamelote. Nadie que se asuma defensor de DD.HH puede pensar en poner explosivos\u00bb, manifest\u00f3.<\/p>\n\n\n\n<p>Acus\u00f3 a las ONG Maracaibo Posible, Provea, Foro Penal, M\u00e9dicos Unidos de Venezuela de tener v\u00ednculos con grupos desestabilizadores.<\/p>\n\n\n\n<figure class=\"wp-block-image size-large\"><img decoding=\"async\" width=\"819\" height=\"1024\" src=\"https:\/\/entretormentas.com\/wp-content\/uploads\/2025\/05\/cabel3-819x1024.jpeg\" alt=\"\" class=\"wp-image-17323\" srcset=\"https:\/\/entretormentas.com\/wp-content\/uploads\/2025\/05\/cabel3-819x1024.jpeg 819w, https:\/\/entretormentas.com\/wp-content\/uploads\/2025\/05\/cabel3-240x300.jpeg 240w, https:\/\/entretormentas.com\/wp-content\/uploads\/2025\/05\/cabel3-768x960.jpeg 768w, https:\/\/entretormentas.com\/wp-content\/uploads\/2025\/05\/cabel3.jpeg 1024w\" sizes=\"(max-width: 819px) 100vw, 819px\" \/><\/figure>\n\n\n\n<p>\u00abGente que est\u00e1 con ellos trabajan activamente\u2026 Esto est\u00e1 en uno de los tel\u00e9fonos de Juan Pablo Guanipa\u00bb, resalt\u00f3 el tambi\u00e9n Vicepresidente Sectorial de Pol\u00edtica, Seguridad Ciudadana y Paz<\/p>\n\n\n\n<p>Seguidamente, record\u00f3 que en el pa\u00eds se ha venido desmantelando una banda de narcotr\u00e1fico en el estado Zulia, en el que se incautaron de m\u00e1s de 400 fusiles y armas de guerra decomisadas en distintos eventos y muchas de ellas provenientes desde EEUU.<\/p>\n\n\n\n<p>Tras las detenciones, los efectivos de seguridad realizaron interrogatorios que llevaron al descubrimiento de reuniones realizadas con los extremistas Mar\u00eda Corina Machado y Jos\u00e9 Enrique Rinc\u00f3n, en las que tambi\u00e9n intervino Iv\u00e1n Simonovis y pol\u00edticos del Zulia.<\/p>\n\n\n\n<p>\u00abRecordemos la farsa del bolsito azul y esos actos representados de poca presencia de pueblo, apoy\u00e1ndolos a ellos y recurren a la violencia. Tenemos mes y medio trabajando esta operaci\u00f3n de saboteo manifestado por ellos mismos, que iban al boicot de las elecciones, pero el pueblo se encarg\u00f3 de demostrar lo contrario\u00bb, dijo a la prensa.<br><strong><em>ET \/ El Universal<\/em><\/strong><\/p>\n\n\n\n<p><\/p>\n","protected":false},"excerpt":{"rendered":"<p>ENTRE TORMENTAS. El ministro para las Relaciones Interiores, Justicia y Paz, Diosdado Cabello, dio un&#8230;<\/p>\n","protected":false},"author":2,"featured_media":17324,"comment_status":"closed","ping_status":"open","sticky":false,"template":"","format":"standard","meta":{"footnotes":""},"categories":[56,49],"tags":[],"class_list":["post-17321","post","type-post","status-publish","format-standard","has-post-thumbnail","hentry","category-destacadas","category-nacionales"],"_links":{"self":[{"href":"https:\/\/entretormentas.com\/index.php?rest_route=\/wp\/v2\/posts\/17321","targetHints":{"allow":["GET"]}}],"collection":[{"href":"https:\/\/entretormentas.com\/index.php?rest_route=\/wp\/v2\/posts"}],"about":[{"href":"https:\/\/entretormentas.com\/index.php?rest_route=\/wp\/v2\/types\/post"}],"author":[{"embeddable":true,"href":"https:\/\/entretormentas.com\/index.php?rest_route=\/wp\/v2\/users\/2"}],"replies":[{"embeddable":true,"href":"https:\/\/entretormentas.com\/index.php?rest_route=%2Fwp%2Fv2%2Fcomments&post=17321"}],"version-history":[{"count":1,"href":"https:\/\/entretormentas.com\/index.php?rest_route=\/wp\/v2\/posts\/17321\/revisions"}],"predecessor-version":[{"id":17325,"href":"https:\/\/entretormentas.com\/index.php?rest_route=\/wp\/v2\/posts\/17321\/revisions\/17325"}],"wp:featuredmedia":[{"embeddable":true,"href":"https:\/\/entretormentas.com\/index.php?rest_route=\/wp\/v2\/media\/17324"}],"wp:attachment":[{"href":"https:\/\/entretormentas.com\/index.php?rest_route=%2Fwp%2Fv2%2Fmedia&parent=17321"}],"wp:term":[{"taxonomy":"category","embeddable":true,"href":"https:\/\/entretormentas.com\/index.php?rest_route=%2Fwp%2Fv2%2Fcategories&post=17321"},{"taxonomy":"post_tag","embeddable":true,"href":"https:\/\/entretormentas.com\/index.php?rest_route=%2Fwp%2Fv2%2Ftags&post=17321"}],"curies":[{"name":"wp","href":"https:\/\/api.w.org\/{rel}","templated":true}]}}