{"id":17331,"date":"2025-05-29T10:25:49","date_gmt":"2025-05-29T08:25:49","guid":{"rendered":"https:\/\/entretormentas.com\/?p=17331"},"modified":"2025-05-29T10:25:50","modified_gmt":"2025-05-29T08:25:50","slug":"desconocen-su-paradero-piden-fe-de-vida-de-juan-pablo-guanipa","status":"publish","type":"post","link":"https:\/\/entretormentas.com\/desconocen-su-paradero-piden-fe-de-vida-de-juan-pablo-guanipa\/","title":{"rendered":"\u00a1DESCONOCEN SU PARADERO! Piden fe de vida de Juan Pablo Guanipa"},"content":{"rendered":"\n<p><strong>ENTRE TORMENTAS.<\/strong> El equipo del exdiputado opositor Juan Pablo Guanipa exigi\u00f3 este martes una prueba de vida, afirmando que desconocen su paradero desde hace \u00abm\u00e1s de 100 horas\u00bb, luego de su detenci\u00f3n por supuestamente estar implicado en un plan para \u00abboicotear\u00bb las elecciones regionales y legislativas del pasado domingo.<\/p>\n\n\n\n<p>\u00abExigimos fe de vida de Juan Pablo Guanipa y acceso inmediato a sus medicamentos\u00bb, escribi\u00f3 su equipo en X, recordando que es un aliado cercano de Mar\u00eda Corina Machado.<\/p>\n\n\n\n<p>El mensaje tambi\u00e9n se\u00f1ala que Guanipa es \u00abun hombre hipertenso de 60 a\u00f1os\u00bb que requiere medicaci\u00f3n diaria para mantenerse estable.<\/p>\n\n\n\n<p>Se pidi\u00f3 al Estado que \u00abasegure la salud f\u00edsica\u00bb del exdiputado \u00abcada minuto que est\u00e9 bajo custodia\u00bb, y se denunci\u00f3 que \u00abni su familia ni su abogado saben d\u00f3nde est\u00e1 ni cu\u00e1les cargos le son imputados\u00bb.<\/p>\n\n\n\n<figure class=\"wp-block-image size-full\"><img fetchpriority=\"high\" decoding=\"async\" width=\"640\" height=\"426\" src=\"https:\/\/entretormentas.com\/wp-content\/uploads\/2025\/05\/tequeno2.jpeg\" alt=\"\" class=\"wp-image-17332\" srcset=\"https:\/\/entretormentas.com\/wp-content\/uploads\/2025\/05\/tequeno2.jpeg 640w, https:\/\/entretormentas.com\/wp-content\/uploads\/2025\/05\/tequeno2-300x200.jpeg 300w\" sizes=\"(max-width: 640px) 100vw, 640px\" \/><\/figure>\n\n\n\n<p>Este lunes, allegados al pol\u00edtico informaron que recibieron de manera no oficial la noticia de una supuesta presentaci\u00f3n telem\u00e1tica ante un tribunal especializado en delitos de terrorismo.<\/p>\n\n\n\n<p>Seg\u00fan sus representantes, dicha audiencia ocurri\u00f3 \u00absin aviso ni participaci\u00f3n\u00bb de su defensa privada, lo cual consideran una \u00abclara violaci\u00f3n al debido proceso\u00bb.<\/p>\n\n\n\n<p>El ministro del Interior, Diosdado Cabello, anunci\u00f3 el pasado viernes que Guanipa fue detenido en un operativo policial vinculado a un presunto intento de sabotaje electoral.<\/p>\n\n\n\n<p>Organizaciones defensoras de derechos humanos tambi\u00e9n alertaron sobre la detenci\u00f3n de un periodista y un activista de 84 a\u00f1os, entre otros.<\/p>\n\n\n\n<p>Tras conocerse la captura de Guanipa, su equipo divulg\u00f3 un mensaje que el pol\u00edtico dej\u00f3 escrito previamente, en el que afirma estar \u00abinjustamente preso, pero nunca derrotado\u00bb.<br><strong><em>ET \/ El Nacional<\/em><\/strong><\/p>\n\n\n\n<p><\/p>\n","protected":false},"excerpt":{"rendered":"<p>ENTRE TORMENTAS. El equipo del exdiputado opositor Juan Pablo Guanipa exigi\u00f3 este martes una prueba&#8230;<\/p>\n","protected":false},"author":2,"featured_media":17333,"comment_status":"closed","ping_status":"open","sticky":false,"template":"","format":"standard","meta":{"footnotes":""},"categories":[56,49],"tags":[],"class_list":["post-17331","post","type-post","status-publish","format-standard","has-post-thumbnail","hentry","category-destacadas","category-nacionales"],"_links":{"self":[{"href":"https:\/\/entretormentas.com\/index.php?rest_route=\/wp\/v2\/posts\/17331","targetHints":{"allow":["GET"]}}],"collection":[{"href":"https:\/\/entretormentas.com\/index.php?rest_route=\/wp\/v2\/posts"}],"about":[{"href":"https:\/\/entretormentas.com\/index.php?rest_route=\/wp\/v2\/types\/post"}],"author":[{"embeddable":true,"href":"https:\/\/entretormentas.com\/index.php?rest_route=\/wp\/v2\/users\/2"}],"replies":[{"embeddable":true,"href":"https:\/\/entretormentas.com\/index.php?rest_route=%2Fwp%2Fv2%2Fcomments&post=17331"}],"version-history":[{"count":1,"href":"https:\/\/entretormentas.com\/index.php?rest_route=\/wp\/v2\/posts\/17331\/revisions"}],"predecessor-version":[{"id":17334,"href":"https:\/\/entretormentas.com\/index.php?rest_route=\/wp\/v2\/posts\/17331\/revisions\/17334"}],"wp:featuredmedia":[{"embeddable":true,"href":"https:\/\/entretormentas.com\/index.php?rest_route=\/wp\/v2\/media\/17333"}],"wp:attachment":[{"href":"https:\/\/entretormentas.com\/index.php?rest_route=%2Fwp%2Fv2%2Fmedia&parent=17331"}],"wp:term":[{"taxonomy":"category","embeddable":true,"href":"https:\/\/entretormentas.com\/index.php?rest_route=%2Fwp%2Fv2%2Fcategories&post=17331"},{"taxonomy":"post_tag","embeddable":true,"href":"https:\/\/entretormentas.com\/index.php?rest_route=%2Fwp%2Fv2%2Ftags&post=17331"}],"curies":[{"name":"wp","href":"https:\/\/api.w.org\/{rel}","templated":true}]}}