{"id":17342,"date":"2025-05-29T10:34:47","date_gmt":"2025-05-29T08:34:47","guid":{"rendered":"https:\/\/entretormentas.com\/?p=17342"},"modified":"2025-05-29T10:34:47","modified_gmt":"2025-05-29T08:34:47","slug":"rechazo-total-zuliano-miguel-navarro-fue-victima-de-xenofobia-en-copa-libertadores","status":"publish","type":"post","link":"https:\/\/entretormentas.com\/rechazo-total-zuliano-miguel-navarro-fue-victima-de-xenofobia-en-copa-libertadores\/","title":{"rendered":"\u00a1RECHAZO TOTAL! Zuliano Miguel Navarro fue v\u00edctima de xenofobia en Copa Libertadores"},"content":{"rendered":"\n<p><strong>ENTRE TORMENTAS.<\/strong> El lateral venezolano Miguel Navarro, del club argentino Talleres de C\u00f3rdoba, denunci\u00f3 este martes un acto de xenofobia en su contra por parte del volante paraguayo Dami\u00e1n Bobadilla, del Sao Paulo.<\/p>\n\n\n\n<p>El hecho, que qued\u00f3 registrado en videos publicados en redes sociales, ocurri\u00f3 durante un partido de la Copa Libertadores 2025 por el Grupo D jugado en la capital econ\u00f3mica de Brasil.<\/p>\n\n\n\n<p>Miguel Navarro y Bobadilla, internacionales con Venezuela y Paraguay, cruzaron palabras en la recta final del juego en Sao Paulo, que termin\u00f3 2-1 a favor del Tricolor paulista.<\/p>\n\n\n\n<p>Tras el intercambio, el venezolano de 26 a\u00f1os, rompi\u00f3 en llanto y el \u00e1rbitro chileno Piero Maza detuvo el partido durante algunos minutos. Compa\u00f1eros y rivales consolaron a Navarro y el partido continu\u00f3.<\/p>\n\n\n\n<figure class=\"wp-block-image size-full\"><img fetchpriority=\"high\" decoding=\"async\" width=\"960\" height=\"640\" src=\"https:\/\/entretormentas.com\/wp-content\/uploads\/2025\/05\/navarro2.jpeg\" alt=\"\" class=\"wp-image-17343\" srcset=\"https:\/\/entretormentas.com\/wp-content\/uploads\/2025\/05\/navarro2.jpeg 960w, https:\/\/entretormentas.com\/wp-content\/uploads\/2025\/05\/navarro2-300x200.jpeg 300w, https:\/\/entretormentas.com\/wp-content\/uploads\/2025\/05\/navarro2-768x512.jpeg 768w\" sizes=\"(max-width: 960px) 100vw, 960px\" \/><\/figure>\n\n\n\n<p>\u00abIr\u00e9 hasta las \u00faltimas consecuencias frente al acto de xenofobia que viv\u00ed hoy en Brasil a manos de Dami\u00e1n Bobadilla\u00bb, afirm\u00f3 el lateral tras el juego en una publicaci\u00f3n de Instagram.<\/p>\n\n\n\n<p>\u00abQuisiera poder yo tener en mis manos la soluci\u00f3n al hambre que vive mi pa\u00eds (\u2026) nunca me avergonzar\u00e9 de mis ra\u00edces\u00bb, agreg\u00f3 Miguel Navarro, haciendo alusi\u00f3n a la crisis humanitaria en Venezuela. M\u00e1s tarde, en declaraciones a la prensa, asegur\u00f3 que su adversario le dijo \u00abvenezolano muerto de hambre\u00bb?\u00bb.<\/p>\n\n\n\n<p>Bobadilla, de 23 a\u00f1os, juega en Sao Paulo desde 2024 y su padre es el exportero de la selecci\u00f3n paraguaya Aldo Bobadilla. Ni el jugador ni el club brasile\u00f1o se han pronunciado hasta el momento.<\/p>\n\n\n\n<p>La T, por su parte, expres\u00f3 su m\u00e1s en\u00e9rgico repudio frente al acto de xenofobia y se solidariz\u00f3 profundamente con su futbolista y su familia. \u00abComo instituci\u00f3n, levantamos la voz contra cualquier forma de discriminaci\u00f3n. NO hay lugar para el odio en el f\u00fatbol\u00bb, dijo en un mensaje en X y en Instagram.<br><strong><em>ET \/ AFP<\/em><\/strong><\/p>\n","protected":false},"excerpt":{"rendered":"<p>ENTRE TORMENTAS. El lateral venezolano Miguel Navarro, del club argentino Talleres de C\u00f3rdoba, denunci\u00f3 este&#8230;<\/p>\n","protected":false},"author":2,"featured_media":17344,"comment_status":"closed","ping_status":"open","sticky":false,"template":"","format":"standard","meta":{"footnotes":""},"categories":[53],"tags":[],"class_list":["post-17342","post","type-post","status-publish","format-standard","has-post-thumbnail","hentry","category-deportes"],"_links":{"self":[{"href":"https:\/\/entretormentas.com\/index.php?rest_route=\/wp\/v2\/posts\/17342","targetHints":{"allow":["GET"]}}],"collection":[{"href":"https:\/\/entretormentas.com\/index.php?rest_route=\/wp\/v2\/posts"}],"about":[{"href":"https:\/\/entretormentas.com\/index.php?rest_route=\/wp\/v2\/types\/post"}],"author":[{"embeddable":true,"href":"https:\/\/entretormentas.com\/index.php?rest_route=\/wp\/v2\/users\/2"}],"replies":[{"embeddable":true,"href":"https:\/\/entretormentas.com\/index.php?rest_route=%2Fwp%2Fv2%2Fcomments&post=17342"}],"version-history":[{"count":1,"href":"https:\/\/entretormentas.com\/index.php?rest_route=\/wp\/v2\/posts\/17342\/revisions"}],"predecessor-version":[{"id":17345,"href":"https:\/\/entretormentas.com\/index.php?rest_route=\/wp\/v2\/posts\/17342\/revisions\/17345"}],"wp:featuredmedia":[{"embeddable":true,"href":"https:\/\/entretormentas.com\/index.php?rest_route=\/wp\/v2\/media\/17344"}],"wp:attachment":[{"href":"https:\/\/entretormentas.com\/index.php?rest_route=%2Fwp%2Fv2%2Fmedia&parent=17342"}],"wp:term":[{"taxonomy":"category","embeddable":true,"href":"https:\/\/entretormentas.com\/index.php?rest_route=%2Fwp%2Fv2%2Fcategories&post=17342"},{"taxonomy":"post_tag","embeddable":true,"href":"https:\/\/entretormentas.com\/index.php?rest_route=%2Fwp%2Fv2%2Ftags&post=17342"}],"curies":[{"name":"wp","href":"https:\/\/api.w.org\/{rel}","templated":true}]}}