{"id":17378,"date":"2025-06-01T11:44:57","date_gmt":"2025-06-01T09:44:57","guid":{"rendered":"https:\/\/entretormentas.com\/?p=17378"},"modified":"2025-06-01T11:44:57","modified_gmt":"2025-06-01T09:44:57","slug":"con-goleada-psg-conquista-la-champions-league-por-primera-vez-en-su-historia","status":"publish","type":"post","link":"https:\/\/entretormentas.com\/con-goleada-psg-conquista-la-champions-league-por-primera-vez-en-su-historia\/","title":{"rendered":"\u00a1CON GOLEADA! PSG conquista la Champions League por primera vez en su historia"},"content":{"rendered":"\n<p><strong>ENTRE TORMENTAS. <\/strong>Luis Enrique hizo historia este s\u00e1bado en M\u00fanich. Bord\u00f3 la primera \u2018Champions\u2019 del Par\u00eds Saint-Germain y complet\u00f3 el primer triplete del f\u00fatbol franc\u00e9s, el segundo de su carrera, tras destrozar al Inter de Mil\u00e1n (5-0) con una exhibici\u00f3n sin precedentes en el Allianz Arena y con un equipo que molde\u00f3 a su antojo, que esculpi\u00f3 hasta erigirlo como el rey de Europa en una temporada para el recuerdo.<\/p>\n\n\n\n<p>Lejos quedan ya esos primeros meses de incertidumbre que a punto estuvieron de dejar fuera al PSG de esta competici\u00f3n. Es como si no hubieran existido, como si no se correspondieran con el equipo que obr\u00f3 el partido perfecto en el Allianz Arena, que despoj\u00f3 de toda personalidad al Inter para golear en una final cuyo resultado pudo ser hasta corto por su apabullante dominio.<\/p>\n\n\n\n<p>Anul\u00f3 por completo Luis Enrique a Simone Inzaghi. Fue un ba\u00f1o t\u00e1ctico del espa\u00f1ol al italiano, desquiciado en la banda ante la superioridad del PSG. Porque pocas veces los \u2018nerazuzrri\u2019 se toparon con un domino tan evidente. Persiguieron sombras. Defendieron encerrados. No pudieron salir a la contra.<\/p>\n\n\n\n<figure class=\"wp-block-image size-large\"><img fetchpriority=\"high\" decoding=\"async\" width=\"819\" height=\"1024\" src=\"https:\/\/entretormentas.com\/wp-content\/uploads\/2025\/06\/psg2-819x1024.jpeg\" alt=\"\" class=\"wp-image-17379\" srcset=\"https:\/\/entretormentas.com\/wp-content\/uploads\/2025\/06\/psg2-819x1024.jpeg 819w, https:\/\/entretormentas.com\/wp-content\/uploads\/2025\/06\/psg2-240x300.jpeg 240w, https:\/\/entretormentas.com\/wp-content\/uploads\/2025\/06\/psg2-768x960.jpeg 768w, https:\/\/entretormentas.com\/wp-content\/uploads\/2025\/06\/psg2.jpeg 1024w\" sizes=\"(max-width: 819px) 100vw, 819px\" \/><\/figure>\n\n\n\n<p>Fue un completo ba\u00f1o parisino. Vitinha, Fabi\u00e1n y Joao Neves jugaron al escondite, al pilla-pilla en algunos casos, con un centro del campo tan maduro como el del Inter. William Pacho fue un muro con Lautaro. Marquinhos un l\u00edder contra Thuram. Hakimi un llegador. \u2018Kvara\u2019 una pesadilla en banda. Dembel\u00e9 un alma libre que destroz\u00f3 los planes defensivos italianos, candidato claro al Bal\u00f3n de Oro. Y Doue, el ejecutor.<\/p>\n\n\n\n<p><strong>PASE FILTRADO<\/strong><br>Tard\u00f3 poco el franc\u00e9s de 19 a\u00f1os en romper el partido. En realidad lo hizo Vitinha con un pase filtrado a la altura de unos elegidos. Pero la sangre fr\u00eda que tuvo el franc\u00e9s, protagonista de un partido de \u00e9poca, ganador del MVP, poseedor de una madurez excesiva para alguien de su edad, sirvi\u00f3 para que Hakimi abriera el marcador a puerta vac\u00eda. Lo hizo en la meta donde anim\u00f3 la afici\u00f3n del Inter. All\u00ed gan\u00f3 un \u2018Scudetto\u2019. Pidi\u00f3 perd\u00f3n.<\/p>\n\n\n\n<p>Fue el primer gol por el lado de un Dimarco que qued\u00f3 se\u00f1alado. Fue el punto d\u00e9bil del Inter y, sumado a la locura de Doue, acab\u00f3 derrotado. Ocho minutos pasaron hasta que volvi\u00f3 a ser protagonista el galo. Culmin\u00f3 una contra casi \u2018made in Inter\u2019. Desde la l\u00ednea de fondo propia empez\u00f3 el ataque rel\u00e1mpago, una contra perfecta.<\/p>\n\n\n\n<p>\u2018Kvara\u2019 cedi\u00f3 en profundidad a Dembel\u00e9, que veloz vio la llegada de Doue. Cambi\u00f3 el lado del ataque y el protagonista del partido, al menos uno de ellos, dispar\u00f3 para recibir el favor de Dimarco, cuyo ligero toque acab\u00f3 por batir a Sommer.<\/p>\n\n\n\n<p>El PSG ya era campe\u00f3n. Por mucho que el Inter intentara reaccionar a bal\u00f3n parado, con dos cabezazos de Thuram y Acerbi. Estaba sobre la lona el equipo italiano. Y no le dejaron levantarse. Porque justo cuando parec\u00eda que pod\u00eda intentar un amago de remontada, nada m\u00e1s empezar el segundo acto, se encontr\u00f3 con la sentencia.<\/p>\n\n\n\n<p><strong>REMATE EN EL CAMPO<\/strong><br>A cargo de un Doue desatado, rematador en una jugada con sello de autor. Tac\u00f3n de Dembel\u00e9 para liberar la presi\u00f3n en el centro del campo. Asistencia de Vitinha. Y definici\u00f3n perfecta del extremo, asentado ya como una realidad.<\/p>\n\n\n\n<figure class=\"wp-block-image size-full\"><img decoding=\"async\" width=\"753\" height=\"941\" src=\"https:\/\/entretormentas.com\/wp-content\/uploads\/2025\/06\/psg3.jpeg\" alt=\"\" class=\"wp-image-17380\" srcset=\"https:\/\/entretormentas.com\/wp-content\/uploads\/2025\/06\/psg3.jpeg 753w, https:\/\/entretormentas.com\/wp-content\/uploads\/2025\/06\/psg3-240x300.jpeg 240w\" sizes=\"(max-width: 753px) 100vw, 753px\" \/><\/figure>\n\n\n\n<p>Era ya una locura de final. Un ba\u00f1o de proporciones b\u00edblicas. Un partido para la historia. Un t\u00edtulo que ten\u00eda due\u00f1o desde el minuto 20 pero que el PSG empez\u00f3 a celebrar en el 63, con el tercer gol, desatado por la ovaci\u00f3n que recibi\u00f3 Doue al ser cambiado justo despu\u00e9s del tanto.<\/p>\n\n\n\n<p>Pero no se qued\u00f3 satisfecho el combinado parisino. Quiso que su primera \u2018Champions\u2019 quedara en el recuerdo de la historia del f\u00fatbol. Y de eso se encarg\u00f3 \u2018Kvara\u2019, que ten\u00eda un papel especial en este partido por su N\u00e1poles, campe\u00f3n de un \u2018Scudetto\u2019 que arrebat\u00f3 al Inter. El georgiano, con la en\u00e9sima exhibici\u00f3n de su corta carrera, firm\u00f3 el cuarto sin miramientos, como un regalo a todos los napolitanos.<\/p>\n\n\n\n<p>No fue, ni siquiera, el colof\u00f3n final, encargado para Mayulu en el minuto 87, autor de un gol que desat\u00f3 la fiesta en Par\u00eds. El PSG, campe\u00f3n de Europa. Merecido ganador de su primera \u2018Champions\u2019. Y Luis Enrique, autor de una gesta de dimensiones gigantes.<br><strong><em>ET \/ EFE<\/em><\/strong><\/p>\n\n\n\n<p><\/p>\n","protected":false},"excerpt":{"rendered":"<p>ENTRE TORMENTAS. Luis Enrique hizo historia este s\u00e1bado en M\u00fanich. Bord\u00f3 la primera \u2018Champions\u2019 del&#8230;<\/p>\n","protected":false},"author":2,"featured_media":17381,"comment_status":"closed","ping_status":"open","sticky":false,"template":"","format":"standard","meta":{"footnotes":""},"categories":[53,56],"tags":[],"class_list":["post-17378","post","type-post","status-publish","format-standard","has-post-thumbnail","hentry","category-deportes","category-destacadas"],"_links":{"self":[{"href":"https:\/\/entretormentas.com\/index.php?rest_route=\/wp\/v2\/posts\/17378","targetHints":{"allow":["GET"]}}],"collection":[{"href":"https:\/\/entretormentas.com\/index.php?rest_route=\/wp\/v2\/posts"}],"about":[{"href":"https:\/\/entretormentas.com\/index.php?rest_route=\/wp\/v2\/types\/post"}],"author":[{"embeddable":true,"href":"https:\/\/entretormentas.com\/index.php?rest_route=\/wp\/v2\/users\/2"}],"replies":[{"embeddable":true,"href":"https:\/\/entretormentas.com\/index.php?rest_route=%2Fwp%2Fv2%2Fcomments&post=17378"}],"version-history":[{"count":1,"href":"https:\/\/entretormentas.com\/index.php?rest_route=\/wp\/v2\/posts\/17378\/revisions"}],"predecessor-version":[{"id":17382,"href":"https:\/\/entretormentas.com\/index.php?rest_route=\/wp\/v2\/posts\/17378\/revisions\/17382"}],"wp:featuredmedia":[{"embeddable":true,"href":"https:\/\/entretormentas.com\/index.php?rest_route=\/wp\/v2\/media\/17381"}],"wp:attachment":[{"href":"https:\/\/entretormentas.com\/index.php?rest_route=%2Fwp%2Fv2%2Fmedia&parent=17378"}],"wp:term":[{"taxonomy":"category","embeddable":true,"href":"https:\/\/entretormentas.com\/index.php?rest_route=%2Fwp%2Fv2%2Fcategories&post=17378"},{"taxonomy":"post_tag","embeddable":true,"href":"https:\/\/entretormentas.com\/index.php?rest_route=%2Fwp%2Fv2%2Ftags&post=17378"}],"curies":[{"name":"wp","href":"https:\/\/api.w.org\/{rel}","templated":true}]}}