{"id":17383,"date":"2025-06-01T11:49:27","date_gmt":"2025-06-01T09:49:27","guid":{"rendered":"https:\/\/entretormentas.com\/?p=17383"},"modified":"2025-06-01T11:49:28","modified_gmt":"2025-06-01T09:49:28","slug":"bajo-lluvia-de-bendiciones-el-gobernador-electo-luis-caldera-marcho-junto-a-su-pueblo-por-la-victoria-del-zulia","status":"publish","type":"post","link":"https:\/\/entretormentas.com\/bajo-lluvia-de-bendiciones-el-gobernador-electo-luis-caldera-marcho-junto-a-su-pueblo-por-la-victoria-del-zulia\/","title":{"rendered":"\u00a1BAJO LLUVIA DE BENDICIONES! El gobernador electo, Luis Caldera, march\u00f3 junto a su pueblo por la victoria del Zulia"},"content":{"rendered":"\n<p><strong>ENTRE TORMENTAS.<\/strong> Desde la Plaza Indio Mara hasta el Parque Monumental Ana Mar\u00eda Campos, el gobernador electo en los comicios del pasado domingo 25 de mayo, Luis Caldera, march\u00f3 bajo un torrencial aguacero y junto a su pueblo, por la victoria del Zulia, alcanzada el pasado domingo 25 de mayo en las elecciones regionales y parlamentarias.<\/p>\n\n\n\n<p>Mujeres y hombres se desbordaron de alegr\u00eda, unidos en una caminata que en ocasiones se convert\u00eda en trote y para quienes la fuerte lluvia signific\u00f3 bendiciones para el nuevo gobierno encabezado por \u201cEl Tawala\u201d, quien se confund\u00eda entre el pueblo que lo llev\u00f3 a la victoria que, este domingo 1 de junio, cumple una semana.<\/p>\n\n\n\n<figure class=\"wp-block-image size-large\"><img fetchpriority=\"high\" decoding=\"async\" width=\"1024\" height=\"683\" src=\"https:\/\/entretormentas.com\/wp-content\/uploads\/2025\/06\/lccelebra2-1024x683.jpeg\" alt=\"\" class=\"wp-image-17384\" srcset=\"https:\/\/entretormentas.com\/wp-content\/uploads\/2025\/06\/lccelebra2-1024x683.jpeg 1024w, https:\/\/entretormentas.com\/wp-content\/uploads\/2025\/06\/lccelebra2-300x200.jpeg 300w, https:\/\/entretormentas.com\/wp-content\/uploads\/2025\/06\/lccelebra2-768x512.jpeg 768w, https:\/\/entretormentas.com\/wp-content\/uploads\/2025\/06\/lccelebra2.jpeg 1280w\" sizes=\"(max-width: 1024px) 100vw, 1024px\" \/><\/figure>\n\n\n\n<p>Comuneros, ind\u00edgenas, diputadas y diputados electos, entre otros, estuvieron presentes en esta fiesta de la victoria, que culmin\u00f3 con gaita y expresiones culturales en la concha ac\u00fastica del Parque Monumental Ana Mar\u00eda Campos, donde igualmente el gobernador de la salud, de la educaci\u00f3n, de las comunas, de los j\u00f3venes, prefiri\u00f3 compartir en las gradas con el pueblo.<\/p>\n\n\n\n<p>\u201cAqu\u00ed estamos junto al pueblo, en una lluvia de bendiciones. Hoy 31 de mayo cerramos el mes en victoria, en oraci\u00f3n y llenos de esperanza para la nueva etapa del Zulia, que es esta, con la gente, con el pueblo, atendiendo sus problemas, escuchando sus planteamientos, sus rega\u00f1os, pero, sobre todo, llevando el mensaje de paz del comandante Hugo Ch\u00e1vez, del presidente Nicol\u00e1s Maduro, para lograr que el Zulia sea la mejor regi\u00f3n de Venezuela\u201d, expres\u00f3 Caldera en un breve contacto con los medios, junto a la multitud que le rodeaba.<\/p>\n\n\n\n<p><strong>PUEBLO VICTORIOSO<\/strong><br>Procedente de la parroquia Venancio Pulgar, ubicada en el oeste de Maracaibo, Dioni Brice\u00f1o destac\u00f3 que Caldera, en apenas una semana de haber logrado la victoria como gobernador, inici\u00f3 su trabajo en el sector salud, en hospitales dependientes del Gobierno Nacional, mientras asume constitucionalmente su cargo.<\/p>\n\n\n\n<p>\u201cEstamos llenos de alegr\u00eda porque tenemos la convicci\u00f3n de que Luis viene a dar respuesta al pueblo, un pueblo que estaba en abandono, que estaba desasistido. Ya est\u00e1 asumiendo la responsabilidad que le deposit\u00f3 el pueblo zuliano y est\u00e1 articulando con el Gobierno Nacional, para poder dar respuesta desde el punto de vista de la salud, que es una prioridad que tiene el estado\u201d, asever\u00f3.<\/p>\n\n\n\n<figure class=\"wp-block-image size-large\"><img decoding=\"async\" width=\"1024\" height=\"706\" src=\"https:\/\/entretormentas.com\/wp-content\/uploads\/2025\/06\/lccelebra3-1024x706.jpeg\" alt=\"\" class=\"wp-image-17385\" srcset=\"https:\/\/entretormentas.com\/wp-content\/uploads\/2025\/06\/lccelebra3-1024x706.jpeg 1024w, https:\/\/entretormentas.com\/wp-content\/uploads\/2025\/06\/lccelebra3-300x207.jpeg 300w, https:\/\/entretormentas.com\/wp-content\/uploads\/2025\/06\/lccelebra3-768x530.jpeg 768w, https:\/\/entretormentas.com\/wp-content\/uploads\/2025\/06\/lccelebra3.jpeg 1280w\" sizes=\"(max-width: 1024px) 100vw, 1024px\" \/><\/figure>\n\n\n\n<p>Del municipio Baralt, tambi\u00e9n acompa\u00f1\u00f3 Yolis Montilla, quien dijo: \u201cVamos juntos a la recuperaci\u00f3n del estado Zulia. Obtuvimos la victoria y ya nuestro gobernador ha visitado los hospitales, cumpliendo lo que prometi\u00f3, que es atender la salud del pueblo zuliano\u201d.<\/p>\n\n\n\n<p>Habitantes del municipio Mara igualmente estuvieron presentes, como es el caso de Elisa Chac\u00f3n, vocera del Circuito Comunal Jos\u00e9 Antonio Ricaurte, quien con fuerza exclam\u00f3 que el pueblo est\u00e1 victorioso, porque llev\u00f3 a la gobernaci\u00f3n a un comunero que regir\u00e1 los destinos de la regi\u00f3n con el pueblo y para el pueblo.<\/p>\n\n\n\n<p>\u201cRespaldamos su liderazgo y le acompa\u00f1aremos para todo lo que se tenga que renovar y restituir en el estado Zulia, enmarcado en las 7 Transformaciones, en los planes de ejecuci\u00f3n, de la mano del gobierno regional y las bases populares\u201d, acot\u00f3 la l\u00edder comunal.<br><strong><em>ET \/ Nota de Prensa<\/em><\/strong><\/p>\n\n\n\n<p><\/p>\n","protected":false},"excerpt":{"rendered":"<p>ENTRE TORMENTAS. Desde la Plaza Indio Mara hasta el Parque Monumental Ana Mar\u00eda Campos, el&#8230;<\/p>\n","protected":false},"author":2,"featured_media":17386,"comment_status":"closed","ping_status":"open","sticky":false,"template":"","format":"standard","meta":{"footnotes":""},"categories":[56,1],"tags":[],"class_list":["post-17383","post","type-post","status-publish","format-standard","has-post-thumbnail","hentry","category-destacadas","category-regionales"],"_links":{"self":[{"href":"https:\/\/entretormentas.com\/index.php?rest_route=\/wp\/v2\/posts\/17383","targetHints":{"allow":["GET"]}}],"collection":[{"href":"https:\/\/entretormentas.com\/index.php?rest_route=\/wp\/v2\/posts"}],"about":[{"href":"https:\/\/entretormentas.com\/index.php?rest_route=\/wp\/v2\/types\/post"}],"author":[{"embeddable":true,"href":"https:\/\/entretormentas.com\/index.php?rest_route=\/wp\/v2\/users\/2"}],"replies":[{"embeddable":true,"href":"https:\/\/entretormentas.com\/index.php?rest_route=%2Fwp%2Fv2%2Fcomments&post=17383"}],"version-history":[{"count":1,"href":"https:\/\/entretormentas.com\/index.php?rest_route=\/wp\/v2\/posts\/17383\/revisions"}],"predecessor-version":[{"id":17387,"href":"https:\/\/entretormentas.com\/index.php?rest_route=\/wp\/v2\/posts\/17383\/revisions\/17387"}],"wp:featuredmedia":[{"embeddable":true,"href":"https:\/\/entretormentas.com\/index.php?rest_route=\/wp\/v2\/media\/17386"}],"wp:attachment":[{"href":"https:\/\/entretormentas.com\/index.php?rest_route=%2Fwp%2Fv2%2Fmedia&parent=17383"}],"wp:term":[{"taxonomy":"category","embeddable":true,"href":"https:\/\/entretormentas.com\/index.php?rest_route=%2Fwp%2Fv2%2Fcategories&post=17383"},{"taxonomy":"post_tag","embeddable":true,"href":"https:\/\/entretormentas.com\/index.php?rest_route=%2Fwp%2Fv2%2Ftags&post=17383"}],"curies":[{"name":"wp","href":"https:\/\/api.w.org\/{rel}","templated":true}]}}