{"id":17396,"date":"2025-06-02T10:17:44","date_gmt":"2025-06-02T08:17:44","guid":{"rendered":"https:\/\/entretormentas.com\/?p=17396"},"modified":"2025-06-02T10:17:45","modified_gmt":"2025-06-02T08:17:45","slug":"voto-originario-gobernador-electo-luis-caldera-participa-en-elecciones-de-legisladores-indigenas","status":"publish","type":"post","link":"https:\/\/entretormentas.com\/voto-originario-gobernador-electo-luis-caldera-participa-en-elecciones-de-legisladores-indigenas\/","title":{"rendered":"\u00a1VOTO ORIGINARIO! Gobernador electo Luis Caldera participa en elecciones de legisladores ind\u00edgenas"},"content":{"rendered":"\n<p><strong>ENTRE TORMENTAS. <\/strong>El gobernador electo del Zulia, Luis Caldera, ejerci\u00f3 su derecho al voto como delegado ind\u00edgena en las elecciones para escoger a los representantes originarios ante la Asamblea Nacional (AN) y el Consejo Legislativo del estado Zulia (Clez), en la Escuela B\u00e1sica Nacional Jes\u00fas Mar\u00eda Sistiaga, ubicada en la parroquia San Rafael de El Moj\u00e1n, municipio Mara, uno de los 28 centros electorales activados por el Consejo Nacional Electoral (CNE) en el estado Zulia para el sufragio.<\/p>\n\n\n\n<p>Caldera manifest\u00f3 que este domingo 1 de junio fue un d\u00eda hist\u00f3rico para Venezuela y el Zulia, en el que se cumple con la Constituci\u00f3n Bolivariana y se cierra la convocatoria para la renovaci\u00f3n de autoridades regionales, legisladores al Clez y diputados a la AN, que representan a la delegaci\u00f3n occidente, integrada por Zulia, M\u00e9rida y Trujillo.<\/p>\n\n\n\n<figure class=\"wp-block-image size-large\"><img fetchpriority=\"high\" decoding=\"async\" width=\"1024\" height=\"768\" src=\"https:\/\/entretormentas.com\/wp-content\/uploads\/2025\/06\/lcwayuu2-1024x768.jpeg\" alt=\"\" class=\"wp-image-17397\" srcset=\"https:\/\/entretormentas.com\/wp-content\/uploads\/2025\/06\/lcwayuu2-1024x768.jpeg 1024w, https:\/\/entretormentas.com\/wp-content\/uploads\/2025\/06\/lcwayuu2-300x225.jpeg 300w, https:\/\/entretormentas.com\/wp-content\/uploads\/2025\/06\/lcwayuu2-768x576.jpeg 768w, https:\/\/entretormentas.com\/wp-content\/uploads\/2025\/06\/lcwayuu2.jpeg 1280w\" sizes=\"(max-width: 1024px) 100vw, 1024px\" \/><\/figure>\n\n\n\n<p>\u201cOrgullosamente vengo con mi cedula de identidad a ejercer mi derecho al voto desde el pueblo a\u00f1\u00fa unido al pueblo way\u00fau y voy a elegir a un legislador y a un diputado a la Asamblea Nacional y al Clez, quienes seguir\u00e1n en la batalla por la reivindicaci\u00f3n de los pueblos y comunidades ind\u00edgenas\u201d, expres\u00f3 el gobernador Caldera.<\/p>\n\n\n\n<p>Valor\u00f3 la jornada democr\u00e1tica donde el pueblo ind\u00edgena puede elegir a sus legisladores en base a su tradici\u00f3n, usos y costumbres, lo cual, destac\u00f3, es un ejemplo para el mundo. \u201cNo en todos los pa\u00edses del mundo donde existen pueblos ind\u00edgenas ocurre lo que aqu\u00ed en Venezuela\u201d, resalt\u00f3.<\/p>\n\n\n\n<p>En el estado Zulia participaron cuatro mil 571 delegados, que fueron escogidos por los pueblos y comunidades ind\u00edgenas en dos mil 500 asambleas, realizadas en el mes de abril. El proceso de desarroll\u00f3 en 50 mesas de votaci\u00f3n instaladas en 28 centros electorales, situados 19 de los 21 municipios, los cuales tienen comunidades y pueblos ind\u00edgenas.<\/p>\n\n\n\n<figure class=\"wp-block-image size-large\"><img decoding=\"async\" width=\"1024\" height=\"768\" src=\"https:\/\/entretormentas.com\/wp-content\/uploads\/2025\/06\/lcwayuu3-1024x768.jpeg\" alt=\"\" class=\"wp-image-17398\" srcset=\"https:\/\/entretormentas.com\/wp-content\/uploads\/2025\/06\/lcwayuu3-1024x768.jpeg 1024w, https:\/\/entretormentas.com\/wp-content\/uploads\/2025\/06\/lcwayuu3-300x225.jpeg 300w, https:\/\/entretormentas.com\/wp-content\/uploads\/2025\/06\/lcwayuu3-768x576.jpeg 768w, https:\/\/entretormentas.com\/wp-content\/uploads\/2025\/06\/lcwayuu3.jpeg 1280w\" sizes=\"(max-width: 1024px) 100vw, 1024px\" \/><\/figure>\n\n\n\n<p><strong>VOTO ORIGINARIO<\/strong><br>Jos\u00e9 Manuel Machado, way\u00fau de la casta Wouliy\u00fa, hizo referencia sobre la importancia de elegir los legisladores que representar\u00e1n al pueblo ind\u00edgena en los parlamentos nacional y regional.<br>\u201cNuestros legisladores son la voz en la AN y en el Clez y defender\u00e1n nuestras necesidades, nuestras costumbres. Eso se le debemos a la Constituci\u00f3n Bolivariana, al pensamiento de Hugo Ch\u00e1vez\u201d, sostuvo.<\/p>\n\n\n\n<p>Asimismo, Yessica Hern\u00e1ndez, representante de la juventud ind\u00edgena, dijo: \u201cNuestros legisladores nos van a representar en nuestra cultura. Los elegimos con nuestros usos y costumbres y ellos en la asamblea y en el Consejo Legislativo est\u00e1n autorizados por el pueblo ind\u00edgena para alzar su voz y defender nuestra cultura y nuestras leyes\u201d.<br><strong><em>ET \/ Nota de Prensa<\/em><\/strong><\/p>\n\n\n\n<p><\/p>\n","protected":false},"excerpt":{"rendered":"<p>ENTRE TORMENTAS. El gobernador electo del Zulia, Luis Caldera, ejerci\u00f3 su derecho al voto como&#8230;<\/p>\n","protected":false},"author":2,"featured_media":17399,"comment_status":"closed","ping_status":"open","sticky":false,"template":"","format":"standard","meta":{"footnotes":""},"categories":[57,1],"tags":[],"class_list":["post-17396","post","type-post","status-publish","format-standard","has-post-thumbnail","hentry","category-actualidad","category-regionales"],"_links":{"self":[{"href":"https:\/\/entretormentas.com\/index.php?rest_route=\/wp\/v2\/posts\/17396","targetHints":{"allow":["GET"]}}],"collection":[{"href":"https:\/\/entretormentas.com\/index.php?rest_route=\/wp\/v2\/posts"}],"about":[{"href":"https:\/\/entretormentas.com\/index.php?rest_route=\/wp\/v2\/types\/post"}],"author":[{"embeddable":true,"href":"https:\/\/entretormentas.com\/index.php?rest_route=\/wp\/v2\/users\/2"}],"replies":[{"embeddable":true,"href":"https:\/\/entretormentas.com\/index.php?rest_route=%2Fwp%2Fv2%2Fcomments&post=17396"}],"version-history":[{"count":1,"href":"https:\/\/entretormentas.com\/index.php?rest_route=\/wp\/v2\/posts\/17396\/revisions"}],"predecessor-version":[{"id":17400,"href":"https:\/\/entretormentas.com\/index.php?rest_route=\/wp\/v2\/posts\/17396\/revisions\/17400"}],"wp:featuredmedia":[{"embeddable":true,"href":"https:\/\/entretormentas.com\/index.php?rest_route=\/wp\/v2\/media\/17399"}],"wp:attachment":[{"href":"https:\/\/entretormentas.com\/index.php?rest_route=%2Fwp%2Fv2%2Fmedia&parent=17396"}],"wp:term":[{"taxonomy":"category","embeddable":true,"href":"https:\/\/entretormentas.com\/index.php?rest_route=%2Fwp%2Fv2%2Fcategories&post=17396"},{"taxonomy":"post_tag","embeddable":true,"href":"https:\/\/entretormentas.com\/index.php?rest_route=%2Fwp%2Fv2%2Ftags&post=17396"}],"curies":[{"name":"wp","href":"https:\/\/api.w.org\/{rel}","templated":true}]}}