{"id":17416,"date":"2025-06-02T10:34:21","date_gmt":"2025-06-02T08:34:21","guid":{"rendered":"https:\/\/entretormentas.com\/?p=17416"},"modified":"2025-06-02T10:34:22","modified_gmt":"2025-06-02T08:34:22","slug":"van-25-presos-desde-nueve-entidades-y-con-18-sitios-de-internet-operaban-los-promotores-del-dolar-paralelo","status":"publish","type":"post","link":"https:\/\/entretormentas.com\/van-25-presos-desde-nueve-entidades-y-con-18-sitios-de-internet-operaban-los-promotores-del-dolar-paralelo\/","title":{"rendered":"\u00a1VAN 25 PRESOS! Desde nueve entidades y con 18 sitios de Internet operaban los promotores del d\u00f3lar paralelo"},"content":{"rendered":"\n<p><strong>ENTRE TORMENTAS.<\/strong> Ya suman 25 las personas capturadas por su presunta vinculaci\u00f3n con la difusi\u00f3n del precio del d\u00f3lar de manera paralela, en contravenci\u00f3n con la tasa fijada por el Banco Central de Venezuela (BCV).<\/p>\n\n\n\n<p>El Mi\u00e9rcoles pasado el ministro de Interiores, Justicia y Paz, Diosdado Cabello, inform\u00f3 que hasta ese d\u00eda iban 20 detenidos. Explic\u00f3 que dichas detenciones forman parte de la investigaci\u00f3n que realizan los organismos de seguridad del Estado para detectar a las estructuras que inducen la guerra econ\u00f3mica en Venezuela a trav\u00e9s del d\u00f3lar paralelo.<\/p>\n\n\n\n<p>Estas personas estaban al frente de 18 sitios de internet desde donde marcaban diariamente el precio del d\u00f3lar sin estar autorizados por el BCV, lo cual genera distorsiones en la econom\u00eda venezolana, seg\u00fan estudios. Pero adem\u00e1s de promocionar ese precio paralelo, algunos de los portales funcionaban como entidades financieras que captaban dinero del p\u00fablico, sin autorizaci\u00f3n de la Superintendencia de las Instituciones del Sector Bancario (Sudeban), explicaron t\u00e9cnicos.<\/p>\n\n\n\n<figure class=\"wp-block-image size-full\"><img fetchpriority=\"high\" decoding=\"async\" width=\"426\" height=\"287\" src=\"https:\/\/entretormentas.com\/wp-content\/uploads\/2025\/05\/dolar.jpeg\" alt=\"\" class=\"wp-image-17319\" srcset=\"https:\/\/entretormentas.com\/wp-content\/uploads\/2025\/05\/dolar.jpeg 426w, https:\/\/entretormentas.com\/wp-content\/uploads\/2025\/05\/dolar-300x202.jpeg 300w\" sizes=\"(max-width: 426px) 100vw, 426px\" \/><\/figure>\n\n\n\n<p>Las investigaciones arrojan que los indicadores tomados en cuenta por esas personas para fijar arbitrariamente el precio del d\u00f3lar, no tienen ninguna base oficial. \u201cSon indicadores fraudulentos; no existen, ellos los inventan\u201d, explicaron.<\/p>\n\n\n\n<p>Los 25 (10 mujeres y 15 hombres) fueron capturados por agentes de la Polic\u00eda Nacional Bolivariana en 9 entidades: Caracas, Aragua, M\u00e9rida, Lara, Yaracuy, Miranda, Zulia, La Guaira y Barinas. Entre las funciones que cumpl\u00edan dentro de la estructura digital encargada de agitar el d\u00f3lar paralelo figura la de operadores, gestores, proveedores de liquidez, desarrollador, programador y receptor de pagos. En los allanamientos incautaron lotes de cheques girados desde Google a los due\u00f1os de las p\u00e1ginas web por la publicidad colgada en ellas al momento de promover el d\u00f3lar paralelo.<\/p>\n\n\n\n<p>Presumen que los administradores de esas 18 p\u00e1ginas tambi\u00e9n recib\u00edan instrucciones de tipo pol\u00edtico, lo cual se vio reflejado la semana antes de las elecciones del pasado 25 de Mayo cuando incrementaron en 20% el d\u00f3lar paralelo.<\/p>\n\n\n\n<p>Adem\u00e1s, el financiamiento para las distintas acciones de violencia con fines pol\u00edticos, se distribu\u00eda a trav\u00e9s de AirTM, una de las 18 plataformas que promocionaba el d\u00f3lar paralelo. De hecho, el ministro Cabello mostr\u00f3 el Mi\u00e9rcoles pasado una transferencia de $9,531.97 que le realizaron a Juan Pablo Guanipa, actualmente detenido. Cabello refiri\u00f3 que parte de los fondos bajan del narcotr\u00e1fico y de la Oficina de Control de Bienes Extranjeros de Estados Unidos (Ofac), entre otros.<br><strong><em>ET \/ \u00daltimas Noticias<\/em><\/strong><\/p>\n\n\n\n<p><\/p>\n","protected":false},"excerpt":{"rendered":"<p>ENTRE TORMENTAS. Ya suman 25 las personas capturadas por su presunta vinculaci\u00f3n con la difusi\u00f3n&#8230;<\/p>\n","protected":false},"author":2,"featured_media":17417,"comment_status":"closed","ping_status":"open","sticky":false,"template":"","format":"standard","meta":{"footnotes":""},"categories":[56,49],"tags":[],"class_list":["post-17416","post","type-post","status-publish","format-standard","has-post-thumbnail","hentry","category-destacadas","category-nacionales"],"_links":{"self":[{"href":"https:\/\/entretormentas.com\/index.php?rest_route=\/wp\/v2\/posts\/17416","targetHints":{"allow":["GET"]}}],"collection":[{"href":"https:\/\/entretormentas.com\/index.php?rest_route=\/wp\/v2\/posts"}],"about":[{"href":"https:\/\/entretormentas.com\/index.php?rest_route=\/wp\/v2\/types\/post"}],"author":[{"embeddable":true,"href":"https:\/\/entretormentas.com\/index.php?rest_route=\/wp\/v2\/users\/2"}],"replies":[{"embeddable":true,"href":"https:\/\/entretormentas.com\/index.php?rest_route=%2Fwp%2Fv2%2Fcomments&post=17416"}],"version-history":[{"count":1,"href":"https:\/\/entretormentas.com\/index.php?rest_route=\/wp\/v2\/posts\/17416\/revisions"}],"predecessor-version":[{"id":17418,"href":"https:\/\/entretormentas.com\/index.php?rest_route=\/wp\/v2\/posts\/17416\/revisions\/17418"}],"wp:featuredmedia":[{"embeddable":true,"href":"https:\/\/entretormentas.com\/index.php?rest_route=\/wp\/v2\/media\/17417"}],"wp:attachment":[{"href":"https:\/\/entretormentas.com\/index.php?rest_route=%2Fwp%2Fv2%2Fmedia&parent=17416"}],"wp:term":[{"taxonomy":"category","embeddable":true,"href":"https:\/\/entretormentas.com\/index.php?rest_route=%2Fwp%2Fv2%2Fcategories&post=17416"},{"taxonomy":"post_tag","embeddable":true,"href":"https:\/\/entretormentas.com\/index.php?rest_route=%2Fwp%2Fv2%2Ftags&post=17416"}],"curies":[{"name":"wp","href":"https:\/\/api.w.org\/{rel}","templated":true}]}}