{"id":17434,"date":"2025-06-03T10:00:10","date_gmt":"2025-06-03T08:00:10","guid":{"rendered":"https:\/\/entretormentas.com\/?p=17434"},"modified":"2025-06-03T10:00:11","modified_gmt":"2025-06-03T08:00:11","slug":"adrian-romero-propone-a-luis-caldera-alianzas-por-maracaibo-mas-de-16-mil-500-familias-beneficiadas-con-las-ferias-alimentarias-del-sol-de-la-alcaldia","status":"publish","type":"post","link":"https:\/\/entretormentas.com\/adrian-romero-propone-a-luis-caldera-alianzas-por-maracaibo-mas-de-16-mil-500-familias-beneficiadas-con-las-ferias-alimentarias-del-sol-de-la-alcaldia\/","title":{"rendered":"\u00a1ADRI\u00c1N ROMERO PROPONE A LUIS CALDERA ALIANZAS POR MARACAIBO! M\u00e1s de 16 mil 500 familias beneficiadas con las Ferias Alimentarias del Sol de la Alcald\u00eda"},"content":{"rendered":"\n<p><strong>ENTRE TORMENTAS. <\/strong>Las Ferias Alimentarias del Sol de la Alcald\u00eda de Maracaibo han llegado a las 18 parroquias de la ciudad para ofrecer productos de calidad a m\u00e1s de 16 mil 500 familias. As\u00ed lo inform\u00f3 Adri\u00e1n Romero Mart\u00ednez, alcalde encargado, durante el Balance de Gesti\u00f3n y Transparencia n\u00famero 125.<\/p>\n\n\n\n<p>\u201cTenemos un balance positivo de los primeros cinco meses del a\u00f1o. Con 27 ferias hemos llegado a las 18 parroquias haciendo un \u00e9nfasis en las del oeste. Pero, adem\u00e1s, atendimos a nuestros servidores p\u00fablicos incluidos los jubilados, totalizando 200 toneladas de alimentos vendidos, entre los cuales destaca la prote\u00edna de calidad y a buen precio para promover una alimentaci\u00f3n equilibrada\u201d, detall\u00f3.<\/p>\n\n\n\n<figure class=\"wp-block-image size-large\"><img fetchpriority=\"high\" decoding=\"async\" width=\"1024\" height=\"683\" src=\"https:\/\/entretormentas.com\/wp-content\/uploads\/2025\/06\/feriasdelsol2-1024x683.jpeg\" alt=\"\" class=\"wp-image-17435\" srcset=\"https:\/\/entretormentas.com\/wp-content\/uploads\/2025\/06\/feriasdelsol2-1024x683.jpeg 1024w, https:\/\/entretormentas.com\/wp-content\/uploads\/2025\/06\/feriasdelsol2-300x200.jpeg 300w, https:\/\/entretormentas.com\/wp-content\/uploads\/2025\/06\/feriasdelsol2-768x512.jpeg 768w, https:\/\/entretormentas.com\/wp-content\/uploads\/2025\/06\/feriasdelsol2.jpeg 1280w\" sizes=\"(max-width: 1024px) 100vw, 1024px\" \/><\/figure>\n\n\n\n<p>Las Ferias Alimentarias del Sol han estado este a\u00f1o cuatro veces en Idelfonso V\u00e1squez, tres en Francisco Eugenio Bustamante, y dos en cada una de las parroquias Antonio Borjas Romero, San Isidro, Luis Hurtado Higuera, Cristo de Aranza. Adem\u00e1s, ya estuvieron una vez en Manuel Dagnino, Cacique Mara, Venancio Pulgar, Coquivacoa, Caracciolo Parra P\u00e9rez, Cecilio Acosta, Olegario Villalobos, Chiquinquir\u00e1 y Bol\u00edvar.<\/p>\n\n\n\n<p>La proyecci\u00f3n es que en junio se instalen seis Ferias Alimentarias del Sol m\u00e1s, para un total de 33 ferias en los primeros seis meses del a\u00f1o.<\/p>\n\n\n\n<p>\u201cEl s\u00e1bado 7 de junio estaremos en Venancio Pulgar, el s\u00e1bado 14 en Santa Lucia e Idelfonso V\u00e1squez. El 21 de junio en Manuel Dagnino y el s\u00e1bado 28 de junio en Ra\u00fal Leoni y Coquivacoa. Est\u00e9n atentos a las redes sociales para conocer el sitio exacto que por lo general es una cancha\u201d, enfatiz\u00f3 Romero Mart\u00ednez.<\/p>\n\n\n\n<p><strong>ESFUERZOS POR MARACAIBO<\/strong><br>El alcalde encargado de Maracaibo coment\u00f3 que Luis Caldera, gobernador electo del estado Zulia, tendr\u00eda pautado un encuentro con los 21 burgomaestre de la regi\u00f3n en los pr\u00f3ximos d\u00edas y asegur\u00f3 con que aprovechar\u00eda el encuentro para plantear situaciones concernientes a la ciudad para buscar la manera articular soluciones al respecto.<\/p>\n\n\n\n<p>\u201cCuando tenga la oportunidad de reunirme con el gobernador electo, le har\u00eda planteamientos importantes de la ciudad a ver de qu\u00e9 manera podemos articular la Gobernaci\u00f3n del Estado de Zulia y la Alcald\u00eda de Maracaibo, como lo hac\u00edamos siempre con Manuel (Rosales) y como lo haremos con cualquier l\u00edder que est\u00e9 al frente del Ejecutivo regional o de cualquier alcald\u00eda. De esto se trata de trabajar en equipo porque a la final son situaciones de inter\u00e9s para el municipio. Espero que en cualquier momento hagan la invitaci\u00f3n y el llamado. Estamos prestos y dispuestos a trabajar por Maracaibo y todo lo que venga para beneficio de la ciudad ser\u00e1 bien recibido por parte nuestra\u201d, indic\u00f3 el alcalde.<\/p>\n\n\n\n<figure class=\"wp-block-image size-large\"><img decoding=\"async\" width=\"1024\" height=\"683\" src=\"https:\/\/entretormentas.com\/wp-content\/uploads\/2025\/06\/feriasdelsol3-1024x683.jpeg\" alt=\"\" class=\"wp-image-17436\" srcset=\"https:\/\/entretormentas.com\/wp-content\/uploads\/2025\/06\/feriasdelsol3-1024x683.jpeg 1024w, https:\/\/entretormentas.com\/wp-content\/uploads\/2025\/06\/feriasdelsol3-300x200.jpeg 300w, https:\/\/entretormentas.com\/wp-content\/uploads\/2025\/06\/feriasdelsol3-768x512.jpeg 768w, https:\/\/entretormentas.com\/wp-content\/uploads\/2025\/06\/feriasdelsol3.jpeg 1280w\" sizes=\"(max-width: 1024px) 100vw, 1024px\" \/><\/figure>\n\n\n\n<p>Romero asever\u00f3 que no tiene complejos en trabajar en conjunto con los tres niveles de gobierno, pues al final como alcalde y funcionario p\u00fablico est\u00e1 en la obligaci\u00f3n de resolver los problemas de las personas que habitan en la capital del estado Zulia sin importan de d\u00f3nde vengan.<\/p>\n\n\n\n<p>\u201cDe verdad que ojal\u00e1 que todo ese plan de trabajo que se han dise\u00f1ado se cumpla y pueda traer cosas buenas para el estado y todo lo que tenga que ver con Maracaibo lo vamos a articular con todo y cada uno de los responsables, las personas que delegue la Gobernaci\u00f3n, el personal que delegue a la alcald\u00eda, y en conjunto porque a la final se trata de trabajar ma\u00f1ana, tarde y noche por una ciudad que tanto lo pide y tanto lo necesita\u201d, a\u00f1adi\u00f3.<\/p>\n\n\n\n<p><strong>LICITACI\u00d3N DEL ASEO<\/strong><br>Sobre el tema de la licitaci\u00f3n del servicio de aseo urbano el alcalde encargado indic\u00f3 que sigue en proceso y agreg\u00f3 que la semana pasada fue aprobada la reprogramaci\u00f3n presupuestaria para que estos d\u00edas solventar temas que tienen que ver con los servicios p\u00fablicos.<\/p>\n\n\n\n<p>\u201cVoy a la Ciudad de Caracas a una reuni\u00f3n importante para tratar varios temas que le ata\u00f1en con la ciudad y esperemos, como siempre, estamos confiados de traernos buenas noticias para Maracaibo y cosas buenas que tienen que ver con toda la ciudad. Ser\u00e1 una reuni\u00f3n con una empresa privada que est\u00e1 all\u00e1. Nosotros nos reuniremos con quien nos tengamos que reunir porque lo que nos interesa es el desarrollo y el bienestar de nuestra ciudad\u201d, concluy\u00f3 Romero.<br><strong><em>ET \/ DCI Alcald\u00eda de Maracaibo<\/em><\/strong><\/p>\n\n\n\n<p><\/p>\n","protected":false},"excerpt":{"rendered":"<p>ENTRE TORMENTAS. Las Ferias Alimentarias del Sol de la Alcald\u00eda de Maracaibo han llegado a&#8230;<\/p>\n","protected":false},"author":2,"featured_media":17437,"comment_status":"closed","ping_status":"open","sticky":false,"template":"","format":"standard","meta":{"footnotes":""},"categories":[57,1],"tags":[],"class_list":["post-17434","post","type-post","status-publish","format-standard","has-post-thumbnail","hentry","category-actualidad","category-regionales"],"_links":{"self":[{"href":"https:\/\/entretormentas.com\/index.php?rest_route=\/wp\/v2\/posts\/17434","targetHints":{"allow":["GET"]}}],"collection":[{"href":"https:\/\/entretormentas.com\/index.php?rest_route=\/wp\/v2\/posts"}],"about":[{"href":"https:\/\/entretormentas.com\/index.php?rest_route=\/wp\/v2\/types\/post"}],"author":[{"embeddable":true,"href":"https:\/\/entretormentas.com\/index.php?rest_route=\/wp\/v2\/users\/2"}],"replies":[{"embeddable":true,"href":"https:\/\/entretormentas.com\/index.php?rest_route=%2Fwp%2Fv2%2Fcomments&post=17434"}],"version-history":[{"count":1,"href":"https:\/\/entretormentas.com\/index.php?rest_route=\/wp\/v2\/posts\/17434\/revisions"}],"predecessor-version":[{"id":17438,"href":"https:\/\/entretormentas.com\/index.php?rest_route=\/wp\/v2\/posts\/17434\/revisions\/17438"}],"wp:featuredmedia":[{"embeddable":true,"href":"https:\/\/entretormentas.com\/index.php?rest_route=\/wp\/v2\/media\/17437"}],"wp:attachment":[{"href":"https:\/\/entretormentas.com\/index.php?rest_route=%2Fwp%2Fv2%2Fmedia&parent=17434"}],"wp:term":[{"taxonomy":"category","embeddable":true,"href":"https:\/\/entretormentas.com\/index.php?rest_route=%2Fwp%2Fv2%2Fcategories&post=17434"},{"taxonomy":"post_tag","embeddable":true,"href":"https:\/\/entretormentas.com\/index.php?rest_route=%2Fwp%2Fv2%2Ftags&post=17434"}],"curies":[{"name":"wp","href":"https:\/\/api.w.org\/{rel}","templated":true}]}}