{"id":17440,"date":"2025-06-03T18:13:00","date_gmt":"2025-06-03T16:13:00","guid":{"rendered":"https:\/\/entretormentas.com\/?p=17440"},"modified":"2025-06-03T18:13:01","modified_gmt":"2025-06-03T16:13:01","slug":"en-san-francisco-recoleccion-domiciliaria-se-extiende-a-mas-sectores-de-marcial-hernandez","status":"publish","type":"post","link":"https:\/\/entretormentas.com\/en-san-francisco-recoleccion-domiciliaria-se-extiende-a-mas-sectores-de-marcial-hernandez\/","title":{"rendered":"\u00a1EN SAN FRANCISCO! Recolecci\u00f3n domiciliaria se extiende a m\u00e1s sectores de Marcial Hern\u00e1ndez"},"content":{"rendered":"\n<p><strong>ENTRE TORMENTAS. <\/strong>Este lunes se dio inicio al servicio de recolecci\u00f3n domiciliaria de desechos s\u00f3lidos, en los sectores San Benito 1 y 2, Revoluci\u00f3n de Bol\u00edvar, Villa Margarita y Tr\u00e9bol 1 y 2, de la parroquia Marcial Hern\u00e1ndez, quedando establecida esta atenci\u00f3n para todos los lunes a partir de esta semana.<\/p>\n\n\n\n<p>As\u00ed lo inform\u00f3 Javier Solano, director de Aseo Urbano y Domiciliario, al explicar que el Instituto Municipal de Ambiente y Aseo Urbano, Imasur, se sigue organizando para cumplir la palabra empe\u00f1ada del alcalde Gustavo Fern\u00e1ndez, extendiendo este servicio a sectores que no se hab\u00edan podido atender y que ten\u00edan m\u00e1s de 15 a\u00f1os sin aseo urbano.<\/p>\n\n\n\n<figure class=\"wp-block-image size-large\"><img fetchpriority=\"high\" decoding=\"async\" width=\"1024\" height=\"680\" src=\"https:\/\/entretormentas.com\/wp-content\/uploads\/2025\/06\/aseosf3-1024x680.jpeg\" alt=\"\" class=\"wp-image-17441\" srcset=\"https:\/\/entretormentas.com\/wp-content\/uploads\/2025\/06\/aseosf3-1024x680.jpeg 1024w, https:\/\/entretormentas.com\/wp-content\/uploads\/2025\/06\/aseosf3-300x199.jpeg 300w, https:\/\/entretormentas.com\/wp-content\/uploads\/2025\/06\/aseosf3-768x510.jpeg 768w, https:\/\/entretormentas.com\/wp-content\/uploads\/2025\/06\/aseosf3.jpeg 1280w\" sizes=\"(max-width: 1024px) 100vw, 1024px\" \/><\/figure>\n\n\n\n<p><strong>GESTI\u00d3N POSITIVA<\/strong><br>Con esta labor que se extiende a estos nuevos sectores, asentamientos y barrios de la parroquia Marcial Hern\u00e1ndez, se suman 750 toneladas de desechos s\u00f3lidos que se recolectan a diario en el municipio.<\/p>\n\n\n\n<p>Solano, inform\u00f3 que cada parroquia se atiende diaria, con unidades compactadoras, las cuales siguen rutas rotativas por diferentes sectores, en las que incluyen la atenci\u00f3n de los centros educativos que existan en la zona, lo que permite la recolecci\u00f3n domiciliaria diaria. Tambi\u00e9n se siguen planificando estrategias para optimizar las rutas y los operativos de limpieza general en cada zona.<\/p>\n\n\n\n<figure class=\"wp-block-image size-large\"><img decoding=\"async\" width=\"1024\" height=\"768\" src=\"https:\/\/entretormentas.com\/wp-content\/uploads\/2025\/06\/aseosf2-1024x768.jpeg\" alt=\"\" class=\"wp-image-17442\" srcset=\"https:\/\/entretormentas.com\/wp-content\/uploads\/2025\/06\/aseosf2-1024x768.jpeg 1024w, https:\/\/entretormentas.com\/wp-content\/uploads\/2025\/06\/aseosf2-300x225.jpeg 300w, https:\/\/entretormentas.com\/wp-content\/uploads\/2025\/06\/aseosf2-768x576.jpeg 768w, https:\/\/entretormentas.com\/wp-content\/uploads\/2025\/06\/aseosf2.jpeg 1280w\" sizes=\"(max-width: 1024px) 100vw, 1024px\" \/><\/figure>\n\n\n\n<p><strong>PLANIFICACI\u00d3N ESTRAT\u00c9GICA<\/strong><br>El alcalde del municipio, Gustavo Fern\u00e1ndez sostuvo un encuentro con los representantes del Instituto Municipal de Ambiente y Aseo Urbano y parte del gabinete municipal, para analizar los trabajos en materia de recolecci\u00f3n domiciliaria, lo que permiti\u00f3 planificar estrategias para optimizar las rutas y los operativos de limpieza general en cada zona.<\/p>\n\n\n\n<p>En la reuni\u00f3n se determin\u00f3 que se ha logrado un avance significativo de aproximadamente un 70% en la recolecci\u00f3n domiciliaria en todo el municipio, alcanzando con \u00e9xito el 100% de recolecci\u00f3n en algunas parroquias, aunado a los operativos estrat\u00e9gicos permanentes en los \u201cplayones\u201d, o vertederos improvisados con el objetivo de sanear por completo los pocos que existen en las siete parroquias.<\/p>\n\n\n\n<p>Esta mesa de trabajo estuvo encabezada por Fern\u00e1ndez M\u00e9ndez, primera autoridad municipal; Orlek Ferrer, gerente general del ayuntamiento municipal; Eisel Balzan, directora de Despacho; Carlos Calles, presidente de Imasur; Jes\u00fas Hern\u00e1ndez, vicepresidente de Imasur; Gustavo Vecino, gerente de Planificaci\u00f3n para el Control de la Gesti\u00f3n; Romario Fuenmayor, gerente de Operaciones; Donell Ocando, gerente de Prevenci\u00f3n y Seguridad Ciudadana, Javier Solano, director de Aseo Urbano y Domiciliario, Jes\u00fas M\u00e9ndez, director de Saneamiento Ambiental y Anderson Le\u00f3n, director de Plazas y Parques.<\/p>\n\n\n\n<figure class=\"wp-block-image size-large\"><img decoding=\"async\" width=\"1024\" height=\"819\" src=\"https:\/\/entretormentas.com\/wp-content\/uploads\/2025\/06\/aseosf4-1024x819.jpeg\" alt=\"\" class=\"wp-image-17443\" srcset=\"https:\/\/entretormentas.com\/wp-content\/uploads\/2025\/06\/aseosf4-1024x819.jpeg 1024w, https:\/\/entretormentas.com\/wp-content\/uploads\/2025\/06\/aseosf4-300x240.jpeg 300w, https:\/\/entretormentas.com\/wp-content\/uploads\/2025\/06\/aseosf4-768x614.jpeg 768w, https:\/\/entretormentas.com\/wp-content\/uploads\/2025\/06\/aseosf4.jpeg 1280w\" sizes=\"(max-width: 1024px) 100vw, 1024px\" \/><\/figure>\n\n\n\n<p><strong>VECINOS AGRADECIDOS<\/strong><br>Los vecinos mostraron su agradecimiento por este servicio del que carec\u00edan, as\u00ed lo indic\u00f3 Xiomara Gil, quien tiene 18 a\u00f1os viviendo en el sector San Benito 2. \u201cHa venido una sola vez, desde que vivo aqu\u00ed. Damos las gracias al alcalde por enviarnos el aseo\u201d, concluy\u00f3. Y Yennifer Ferrob\u00fas, manifest\u00f3 que, \u201cnunca hab\u00eda pasado el aseo por aqu\u00ed. Gracias a Dios y al alcalde Gustavo Fern\u00e1ndez, que gracias a \u00e9l tenemos este apoyo\u201d.<\/p>\n\n\n\n<p>Por su parte Mariluz Torres, explic\u00f3 que \u201cpor aqu\u00ed hay mucha poblaci\u00f3n. Este servicio se necesitaba urgentemente, aqu\u00ed antes no queda m\u00e1s que quemar la basura\u201d. Y reiter\u00f3 su agradecimiento, \u201ctengo cuatro a\u00f1os aqu\u00ed y nunca hab\u00eda pasado el aseo. Agradecemos alcalde y a las personas que han luchado por este servicio\u201d.<br><strong><em>ET \/ Alcald\u00eda de San Francisco<\/em><\/strong><\/p>\n\n\n\n<p><\/p>\n","protected":false},"excerpt":{"rendered":"<p>ENTRE TORMENTAS. Este lunes se dio inicio al servicio de recolecci\u00f3n domiciliaria de desechos s\u00f3lidos,&#8230;<\/p>\n","protected":false},"author":2,"featured_media":17444,"comment_status":"closed","ping_status":"open","sticky":false,"template":"","format":"standard","meta":{"footnotes":""},"categories":[57,1],"tags":[],"class_list":["post-17440","post","type-post","status-publish","format-standard","has-post-thumbnail","hentry","category-actualidad","category-regionales"],"_links":{"self":[{"href":"https:\/\/entretormentas.com\/index.php?rest_route=\/wp\/v2\/posts\/17440","targetHints":{"allow":["GET"]}}],"collection":[{"href":"https:\/\/entretormentas.com\/index.php?rest_route=\/wp\/v2\/posts"}],"about":[{"href":"https:\/\/entretormentas.com\/index.php?rest_route=\/wp\/v2\/types\/post"}],"author":[{"embeddable":true,"href":"https:\/\/entretormentas.com\/index.php?rest_route=\/wp\/v2\/users\/2"}],"replies":[{"embeddable":true,"href":"https:\/\/entretormentas.com\/index.php?rest_route=%2Fwp%2Fv2%2Fcomments&post=17440"}],"version-history":[{"count":1,"href":"https:\/\/entretormentas.com\/index.php?rest_route=\/wp\/v2\/posts\/17440\/revisions"}],"predecessor-version":[{"id":17445,"href":"https:\/\/entretormentas.com\/index.php?rest_route=\/wp\/v2\/posts\/17440\/revisions\/17445"}],"wp:featuredmedia":[{"embeddable":true,"href":"https:\/\/entretormentas.com\/index.php?rest_route=\/wp\/v2\/media\/17444"}],"wp:attachment":[{"href":"https:\/\/entretormentas.com\/index.php?rest_route=%2Fwp%2Fv2%2Fmedia&parent=17440"}],"wp:term":[{"taxonomy":"category","embeddable":true,"href":"https:\/\/entretormentas.com\/index.php?rest_route=%2Fwp%2Fv2%2Fcategories&post=17440"},{"taxonomy":"post_tag","embeddable":true,"href":"https:\/\/entretormentas.com\/index.php?rest_route=%2Fwp%2Fv2%2Ftags&post=17440"}],"curies":[{"name":"wp","href":"https:\/\/api.w.org\/{rel}","templated":true}]}}