{"id":17446,"date":"2025-06-03T18:48:04","date_gmt":"2025-06-03T16:48:04","guid":{"rendered":"https:\/\/entretormentas.com\/?p=17446"},"modified":"2025-06-03T18:48:05","modified_gmt":"2025-06-03T16:48:05","slug":"junto-a-instituciones-del-estado-gobernador-electo-luis-caldera-instala-estado-mayor-de-la-salud","status":"publish","type":"post","link":"https:\/\/entretormentas.com\/junto-a-instituciones-del-estado-gobernador-electo-luis-caldera-instala-estado-mayor-de-la-salud\/","title":{"rendered":"\u00a1JUNTO A INSTITUCIONES DEL ESTADO! Gobernador electo Luis Caldera instala Estado Mayor de la Salud"},"content":{"rendered":"\n<p><strong>ENTRE TORMENTAS. <\/strong>Junto a instituciones del estado venezolano, entre los que figuran el Ministerio del Poder Popular para la Salud, Pdvsa y Corpozulia, entre otros, el gobernador electo, Luis Caldera, instal\u00f3 este lunes 2 de junio, el Estado Mayor de la Salud para iniciar el trabajo en centros dependientes del Gobierno Nacional, mientras se cumple con la transici\u00f3n organizada y en paz del Ejecutivo zuliano.<\/p>\n\n\n\n<p>Luego de la reuni\u00f3n y la instalaci\u00f3n del Estado Mayor de la Salud, el gobernador Caldera explic\u00f3 que el trabajo en este sector se arranca con un plan en 18 hospitales, comenzando en junio con seis, como ya lo hab\u00eda anunciado: el Servicio Aut\u00f3nomo Hospital Universitario de Maracaibo (Sahum), el General del Sur Dr, Pedro Iturbe, el Dr. Adolfo D\u2019Empire, el Dr. Pedro Garc\u00eda Clara, el de Santa B\u00e1rbara y el Hospital Binacional de Paraguaipoa.<\/p>\n\n\n\n<figure class=\"wp-block-image size-large\"><img fetchpriority=\"high\" decoding=\"async\" width=\"1024\" height=\"682\" src=\"https:\/\/entretormentas.com\/wp-content\/uploads\/2025\/06\/estadomayor2-1024x682.jpeg\" alt=\"\" class=\"wp-image-17447\" srcset=\"https:\/\/entretormentas.com\/wp-content\/uploads\/2025\/06\/estadomayor2-1024x682.jpeg 1024w, https:\/\/entretormentas.com\/wp-content\/uploads\/2025\/06\/estadomayor2-300x200.jpeg 300w, https:\/\/entretormentas.com\/wp-content\/uploads\/2025\/06\/estadomayor2-768x512.jpeg 768w, https:\/\/entretormentas.com\/wp-content\/uploads\/2025\/06\/estadomayor2.jpeg 1280w\" sizes=\"(max-width: 1024px) 100vw, 1024px\" \/><\/figure>\n\n\n\n<p>Los tres primeros ya fueron visitados y evaluados; mientras que los \u00faltimos tres ser\u00e1n recorridos esta semana, iniciando por el Hospital Dr. Pedro Garc\u00eda Clara, ubicado en Ciudad Ojeda, municipio Lagunillas.<\/p>\n\n\n\n<p>Adelant\u00f3 el gobernador elegido en los pasados comicios regionales y parlamentarios realizados el 25 de mayo, que mientras espera la entrega constitucional de la Gobernaci\u00f3n, se tiene en agenda la entrega de ocho Centros de Diagn\u00f3stico Integral (CDI), una cl\u00ednica popular y 75 Consultorios M\u00e9dicos Populares (CMP), lo cual se cumplir\u00e1 entre junio y julio.<\/p>\n\n\n\n<figure class=\"wp-block-image size-large\"><img decoding=\"async\" width=\"1024\" height=\"683\" src=\"https:\/\/entretormentas.com\/wp-content\/uploads\/2025\/06\/estadomayor3-1024x683.jpeg\" alt=\"\" class=\"wp-image-17448\" srcset=\"https:\/\/entretormentas.com\/wp-content\/uploads\/2025\/06\/estadomayor3-1024x683.jpeg 1024w, https:\/\/entretormentas.com\/wp-content\/uploads\/2025\/06\/estadomayor3-300x200.jpeg 300w, https:\/\/entretormentas.com\/wp-content\/uploads\/2025\/06\/estadomayor3-768x512.jpeg 768w, https:\/\/entretormentas.com\/wp-content\/uploads\/2025\/06\/estadomayor3.jpeg 1280w\" sizes=\"(max-width: 1024px) 100vw, 1024px\" \/><\/figure>\n\n\n\n<p>Tambi\u00e9n se llevar\u00e1 adelante la creaci\u00f3n del Sistema de Referencia y Contrarreferencia con una Red de Ambulancias, la activaci\u00f3n del Plan Quir\u00fargico Oftalmol\u00f3gico para la resoluci\u00f3n de cataratas y otras patolog\u00edas de esta especialidad; as\u00ed como del Plan Oncol\u00f3gico para la atenci\u00f3n de 440 casos, con la activaci\u00f3n de un acelerador lineal.<\/p>\n\n\n\n<p>A\u00f1adi\u00f3 sobre la dotaci\u00f3n de las 88 cl\u00ednicas populares de la entidad y reforzar el plan de atenci\u00f3n de los casos del 1&#215;10 del Buen Gobierno.<\/p>\n\n\n\n<p>\u201cEstamos arrancando en materia de salud, organizando el Estado Mayor con respuestas concretas\u201d, puntualiz\u00f3 el nuevo mandatario regional.<br><strong><em>ET \/ Nota de Prensa<\/em><\/strong><\/p>\n\n\n\n<p><\/p>\n","protected":false},"excerpt":{"rendered":"<p>ENTRE TORMENTAS. Junto a instituciones del estado venezolano, entre los que figuran el Ministerio del&#8230;<\/p>\n","protected":false},"author":2,"featured_media":17449,"comment_status":"closed","ping_status":"open","sticky":false,"template":"","format":"standard","meta":{"footnotes":""},"categories":[57,1],"tags":[],"class_list":["post-17446","post","type-post","status-publish","format-standard","has-post-thumbnail","hentry","category-actualidad","category-regionales"],"_links":{"self":[{"href":"https:\/\/entretormentas.com\/index.php?rest_route=\/wp\/v2\/posts\/17446","targetHints":{"allow":["GET"]}}],"collection":[{"href":"https:\/\/entretormentas.com\/index.php?rest_route=\/wp\/v2\/posts"}],"about":[{"href":"https:\/\/entretormentas.com\/index.php?rest_route=\/wp\/v2\/types\/post"}],"author":[{"embeddable":true,"href":"https:\/\/entretormentas.com\/index.php?rest_route=\/wp\/v2\/users\/2"}],"replies":[{"embeddable":true,"href":"https:\/\/entretormentas.com\/index.php?rest_route=%2Fwp%2Fv2%2Fcomments&post=17446"}],"version-history":[{"count":1,"href":"https:\/\/entretormentas.com\/index.php?rest_route=\/wp\/v2\/posts\/17446\/revisions"}],"predecessor-version":[{"id":17450,"href":"https:\/\/entretormentas.com\/index.php?rest_route=\/wp\/v2\/posts\/17446\/revisions\/17450"}],"wp:featuredmedia":[{"embeddable":true,"href":"https:\/\/entretormentas.com\/index.php?rest_route=\/wp\/v2\/media\/17449"}],"wp:attachment":[{"href":"https:\/\/entretormentas.com\/index.php?rest_route=%2Fwp%2Fv2%2Fmedia&parent=17446"}],"wp:term":[{"taxonomy":"category","embeddable":true,"href":"https:\/\/entretormentas.com\/index.php?rest_route=%2Fwp%2Fv2%2Fcategories&post=17446"},{"taxonomy":"post_tag","embeddable":true,"href":"https:\/\/entretormentas.com\/index.php?rest_route=%2Fwp%2Fv2%2Ftags&post=17446"}],"curies":[{"name":"wp","href":"https:\/\/api.w.org\/{rel}","templated":true}]}}