{"id":17451,"date":"2025-06-03T18:54:56","date_gmt":"2025-06-03T16:54:56","guid":{"rendered":"https:\/\/entretormentas.com\/?p=17451"},"modified":"2025-06-03T18:54:57","modified_gmt":"2025-06-03T16:54:57","slug":"movimiento-venezolanos-con-derecho-inmigracion-no-debe-criminalizarse","status":"publish","type":"post","link":"https:\/\/entretormentas.com\/movimiento-venezolanos-con-derecho-inmigracion-no-debe-criminalizarse\/","title":{"rendered":"MOVIMIENTO VENEZOLANOS CON DERECHO: \u00abInmigraci\u00f3n no debe criminalizarse\u00bb"},"content":{"rendered":"\n<p><strong>ENTRE TORMENTAS.<\/strong> Desde la ciudad de Orlando, el Movimiento Venezolanos con Derechos (MVD) cuestion\u00f3 las pretensiones del gobierno de Estados Unidos de eliminar definitivamente el Estatus de Protecci\u00f3n Temporal (TPS), que en el caso de Venezuela perjudicar\u00eda a m\u00e1s de 600 mil connacionales. Advierten que la inmigraci\u00f3n es un derecho humano que no debe criminalizarse.<\/p>\n\n\n\n<p>A la salida de una asamblea de la Alianza Nacional del TPS, el coordinador del MVD, Humberto Agudo, invit\u00f3 a la comunidad venezolana a sumarse a las acciones que se vienen emprendiendo en distintas ciudades estadounidenses, donde residen la mayor\u00eda de los tepesianos, rechazando las \u00faltimas decisiones federales que apuntan el final de un beneficio migratorio temporal que estableci\u00f3 el Congreso de Estados Unidos en 1990, para proteger a personas de ciertas nacionalidades que no pueden regresar a sus pa\u00edses de origen de forma segura.<\/p>\n\n\n\n<figure class=\"wp-block-image size-full\"><img fetchpriority=\"high\" decoding=\"async\" width=\"720\" height=\"540\" src=\"https:\/\/entretormentas.com\/wp-content\/uploads\/2025\/06\/loco2.jpeg\" alt=\"\" class=\"wp-image-17452\" srcset=\"https:\/\/entretormentas.com\/wp-content\/uploads\/2025\/06\/loco2.jpeg 720w, https:\/\/entretormentas.com\/wp-content\/uploads\/2025\/06\/loco2-300x225.jpeg 300w\" sizes=\"(max-width: 720px) 100vw, 720px\" \/><\/figure>\n\n\n\n<p>En dichas asambleas se han hecho presentes ciudadanos de 17 pa\u00edses, inclu\u00edda Venezuela y que fue designada por primera vez con el TPS en marzo de 2021, recibiendo posteriormente una extensi\u00f3n del alivio en julio de 2022 y finalmente otra extensi\u00f3n y una nueva designaci\u00f3n de TPS en septiembre de 2023.<\/p>\n\n\n\n<p>El MVD reiter\u00f3 su respaldo a la Alianza Nacional de TPS, formada en el 2017 y dirigida por beneficiarios de todo Estados Unidos, combinando actividades de promoci\u00f3n a nivel nacional para salvar el instrumento migratorio y estimular la legislaci\u00f3n que crea un camino a la residencia permanente en el largo plazo para la comunidad tepesiana.<\/p>\n\n\n\n<p>\u00abInvitamos a los venezolanos a la organizaci\u00f3n de grupos locales del TPS y en cada urbanizaci\u00f3n o sector donde vivas hacer reuniones informativas en las que se ratifique la defensa del beneficio como un s\u00edmbolo de justicia y dignidad\u00bb, exhorto el movimiento ciudadano cargado de esperanza y lucha.<br><strong><em>ET \/ Nota de Prensa<\/em><\/strong><\/p>\n","protected":false},"excerpt":{"rendered":"<p>ENTRE TORMENTAS. Desde la ciudad de Orlando, el Movimiento Venezolanos con Derechos (MVD) cuestion\u00f3 las&#8230;<\/p>\n","protected":false},"author":2,"featured_media":17453,"comment_status":"closed","ping_status":"open","sticky":false,"template":"","format":"standard","meta":{"footnotes":""},"categories":[49],"tags":[],"class_list":["post-17451","post","type-post","status-publish","format-standard","has-post-thumbnail","hentry","category-nacionales"],"_links":{"self":[{"href":"https:\/\/entretormentas.com\/index.php?rest_route=\/wp\/v2\/posts\/17451","targetHints":{"allow":["GET"]}}],"collection":[{"href":"https:\/\/entretormentas.com\/index.php?rest_route=\/wp\/v2\/posts"}],"about":[{"href":"https:\/\/entretormentas.com\/index.php?rest_route=\/wp\/v2\/types\/post"}],"author":[{"embeddable":true,"href":"https:\/\/entretormentas.com\/index.php?rest_route=\/wp\/v2\/users\/2"}],"replies":[{"embeddable":true,"href":"https:\/\/entretormentas.com\/index.php?rest_route=%2Fwp%2Fv2%2Fcomments&post=17451"}],"version-history":[{"count":1,"href":"https:\/\/entretormentas.com\/index.php?rest_route=\/wp\/v2\/posts\/17451\/revisions"}],"predecessor-version":[{"id":17454,"href":"https:\/\/entretormentas.com\/index.php?rest_route=\/wp\/v2\/posts\/17451\/revisions\/17454"}],"wp:featuredmedia":[{"embeddable":true,"href":"https:\/\/entretormentas.com\/index.php?rest_route=\/wp\/v2\/media\/17453"}],"wp:attachment":[{"href":"https:\/\/entretormentas.com\/index.php?rest_route=%2Fwp%2Fv2%2Fmedia&parent=17451"}],"wp:term":[{"taxonomy":"category","embeddable":true,"href":"https:\/\/entretormentas.com\/index.php?rest_route=%2Fwp%2Fv2%2Fcategories&post=17451"},{"taxonomy":"post_tag","embeddable":true,"href":"https:\/\/entretormentas.com\/index.php?rest_route=%2Fwp%2Fv2%2Ftags&post=17451"}],"curies":[{"name":"wp","href":"https:\/\/api.w.org\/{rel}","templated":true}]}}