{"id":17455,"date":"2025-06-03T18:58:07","date_gmt":"2025-06-03T16:58:07","guid":{"rendered":"https:\/\/entretormentas.com\/?p=17455"},"modified":"2025-06-03T18:58:07","modified_gmt":"2025-06-03T16:58:07","slug":"sec-gral-del-mas-porcentaje-de-participacion-y-abstencion-del-25m-siguen-siendo-confusos","status":"publish","type":"post","link":"https:\/\/entretormentas.com\/sec-gral-del-mas-porcentaje-de-participacion-y-abstencion-del-25m-siguen-siendo-confusos\/","title":{"rendered":"SEC. GRAL. DEL MAS: \u00abPorcentaje de participaci\u00f3n y abstenci\u00f3n del 25M siguen siendo confusos\u00bb"},"content":{"rendered":"\n<p><strong>ENTRE TORMENTAS. <\/strong>A una semana del proceso comicial del 25M, el secretario general del MAS, Felipe Mujica, exigi\u00f3 la publicaci\u00f3n de las auditor\u00edas postelectorales, advirtiendo que todav\u00eda no se tiene informaci\u00f3n oficial sobre el referente tomado para estimar el porcentaje de votantes.<\/p>\n\n\n\n<p>\u201cSi son 22 millones de electores y particip\u00f3 un 43 %, votaron entonces m\u00e1s de 8 millones de personas, pero el resultado anunciado por el CNE no arroja por ning\u00fan lado ese n\u00famero, existiendo una diferencia que supera los tres millones\u00bb.<\/p>\n\n\n\n<p>Mujica indic\u00f3 que hay una supuesta teor\u00eda sobre los electores v\u00e1lidos, seg\u00fan la cual se tom\u00f3 como referencia a aquellos que participaron en los \u00faltimos dos o tres procesos electorales, raz\u00f3n por la cual le solicit\u00f3 al CNE una aclatoria sobre estos n\u00fameros tan confusos.<\/p>\n\n\n\n<p>\u00abMientras no sepamos exactamente cu\u00e1l fue el referente para el porcentaje de participaci\u00f3n, no sabremos tampoco cu\u00e1l fue el nivel de abstenci\u00f3n\u201d.<\/p>\n\n\n\n<p>Mujica aprovech\u00f3 la oportunidad para advertir que mientras la oposici\u00f3n siga participando con m\u00faltiples opciones, la convocatoria electoral siempre ser\u00e1 cuesta arriba. Y que si se hubi\u00e9se tenido un solo candidato a la gobernaci\u00f3n de cada estado y una lista \u00fanica al parlamento, se hubiese obtenido otro resultado.<\/p>\n\n\n\n<p>\u00abLa gente no se siente convocada debido a la divisi\u00f3n opositora, am\u00e9n de ese sector que llama a la abstenci\u00f3n porque all\u00ed hay, supuestamente, una salida\u201d.<\/p>\n\n\n\n<p>Reiter\u00f3 el dirigente pol\u00edtico que esta conducta conlleva al autoritarismo, lo cual agrava la situaci\u00f3n de Venezuela.<\/p>\n\n\n\n<p>El representante del MAS inst\u00f3 a la dirigencia opositora a asumir los errores cometidos, a rectificar, a concretar acuerdos y a anteponer los interes del pa\u00eds a las pretensiones partidistas y personales.<\/p>\n\n\n\n<p>\u00abEsto es posible puesto que en algunos momentos se han logrado acuerdos unitarios, lo cual garantiza una convocatoria exitosa. Las salidas fantasiosas se han desgastado con el tiempo\u00bb.<\/p>\n\n\n\n<p>Con respecto a la reforma constitucional, el secretario del partido naranja y diputado electo sostuvo que es urgente y necesario conocer el contenido de este proyecto legal y que los proponentes abran escenarios de di\u00e1logo para que los venezolanos asuman una posici\u00f3n desde lo real y no sobre especulaciones.<\/p>\n\n\n\n<p>\u201cVeamos si lo propuesto es para ampliar y fortalecer la democracia o lo contrario, si la reforma es para que el autoritarismo se siga profundizando en Venezuela\u201d, finaliz\u00f3.<br><strong><em>ET \/ Prensa MAS<\/em><\/strong><\/p>\n\n\n\n<p><\/p>\n","protected":false},"excerpt":{"rendered":"<p>ENTRE TORMENTAS. A una semana del proceso comicial del 25M, el secretario general del MAS,&#8230;<\/p>\n","protected":false},"author":2,"featured_media":17456,"comment_status":"closed","ping_status":"open","sticky":false,"template":"","format":"standard","meta":{"footnotes":""},"categories":[56,49],"tags":[],"class_list":["post-17455","post","type-post","status-publish","format-standard","has-post-thumbnail","hentry","category-destacadas","category-nacionales"],"_links":{"self":[{"href":"https:\/\/entretormentas.com\/index.php?rest_route=\/wp\/v2\/posts\/17455","targetHints":{"allow":["GET"]}}],"collection":[{"href":"https:\/\/entretormentas.com\/index.php?rest_route=\/wp\/v2\/posts"}],"about":[{"href":"https:\/\/entretormentas.com\/index.php?rest_route=\/wp\/v2\/types\/post"}],"author":[{"embeddable":true,"href":"https:\/\/entretormentas.com\/index.php?rest_route=\/wp\/v2\/users\/2"}],"replies":[{"embeddable":true,"href":"https:\/\/entretormentas.com\/index.php?rest_route=%2Fwp%2Fv2%2Fcomments&post=17455"}],"version-history":[{"count":1,"href":"https:\/\/entretormentas.com\/index.php?rest_route=\/wp\/v2\/posts\/17455\/revisions"}],"predecessor-version":[{"id":17457,"href":"https:\/\/entretormentas.com\/index.php?rest_route=\/wp\/v2\/posts\/17455\/revisions\/17457"}],"wp:featuredmedia":[{"embeddable":true,"href":"https:\/\/entretormentas.com\/index.php?rest_route=\/wp\/v2\/media\/17456"}],"wp:attachment":[{"href":"https:\/\/entretormentas.com\/index.php?rest_route=%2Fwp%2Fv2%2Fmedia&parent=17455"}],"wp:term":[{"taxonomy":"category","embeddable":true,"href":"https:\/\/entretormentas.com\/index.php?rest_route=%2Fwp%2Fv2%2Fcategories&post=17455"},{"taxonomy":"post_tag","embeddable":true,"href":"https:\/\/entretormentas.com\/index.php?rest_route=%2Fwp%2Fv2%2Ftags&post=17455"}],"curies":[{"name":"wp","href":"https:\/\/api.w.org\/{rel}","templated":true}]}}