{"id":17488,"date":"2025-06-04T10:16:34","date_gmt":"2025-06-04T08:16:34","guid":{"rendered":"https:\/\/entretormentas.com\/?p=17488"},"modified":"2025-06-04T10:16:35","modified_gmt":"2025-06-04T08:16:35","slug":"tras-intervencion-de-la-alcaldia-de-maracaibo-unas-400-viviendas-de-villa-baralt-recuperan-el-servicio-de-gas","status":"publish","type":"post","link":"https:\/\/entretormentas.com\/tras-intervencion-de-la-alcaldia-de-maracaibo-unas-400-viviendas-de-villa-baralt-recuperan-el-servicio-de-gas\/","title":{"rendered":"\u00a1TRAS INTERVENCI\u00d3N DE LA ALCALD\u00cdA DE MARACAIBO! Unas 400 viviendas de Villa Baralt recuperan el servicio de gas"},"content":{"rendered":"\n<p><strong>ENTRE TORMENTAS.<\/strong> \u201cSe acab\u00f3 el calvario\u201d, as\u00ed lo expres\u00f3 Edilia Zambrano, vecina de la calle 9 de la urbanizaci\u00f3n Villa Baralt, de la parroquia Francisco Eugenio Bustamante, despu\u00e9s de padecer 20 d\u00edas sin servicio de gas dom\u00e9stico, tras las lluvias registradas en las \u00faltimas semanas que generaron filtraci\u00f3n de agua al alimentador de polietileno de alta densidad (PEAD) de 110 mil\u00edmetros, el cual suministra gas a esta importante comunidad del oeste de Maracaibo.<\/p>\n\n\n\n<p>Los trabajos ejecutados por la Alcald\u00eda de Maracaibo, a trav\u00e9s del Servicio Aut\u00f3nomo para el Suministro de Gas e Infraestructura (SAGAS), lograron restituir el servicio en 400 viviendas del sector 2 de la primera etapa de la urbanizaci\u00f3n Villa Baralt, atendiendo de esta manera desde la calle 6 hasta la calle 12, beneficiando aproximadamente a dos mil personas.<\/p>\n\n\n\n<figure class=\"wp-block-image size-large\"><img fetchpriority=\"high\" decoding=\"async\" width=\"1024\" height=\"768\" src=\"https:\/\/entretormentas.com\/wp-content\/uploads\/2025\/06\/argas2-1024x768.jpg\" alt=\"\" class=\"wp-image-17489\" srcset=\"https:\/\/entretormentas.com\/wp-content\/uploads\/2025\/06\/argas2-1024x768.jpg 1024w, https:\/\/entretormentas.com\/wp-content\/uploads\/2025\/06\/argas2-300x225.jpg 300w, https:\/\/entretormentas.com\/wp-content\/uploads\/2025\/06\/argas2-768x576.jpg 768w, https:\/\/entretormentas.com\/wp-content\/uploads\/2025\/06\/argas2-1536x1152.jpg 1536w, https:\/\/entretormentas.com\/wp-content\/uploads\/2025\/06\/argas2.jpg 1600w\" sizes=\"(max-width: 1024px) 100vw, 1024px\" \/><\/figure>\n\n\n\n<p>\u201cEl servicio ya est\u00e1 m\u00e1s fluido gracias a los trabajos que est\u00e1n haciendo alrededor. Estoy satisfecha, les doy las gracias porque hay ni\u00f1os y necesitamos realizar alimentos, pero ya tenemos una soluci\u00f3n m\u00e1s\u201d, coment\u00f3 Irma Nucete, vecina de la casa n\u00famero 525.<\/p>\n\n\n\n<p>Adem\u00e1s de las 400 viviendas beneficiadas, la cuadrilla de SAGAS atendi\u00f3 al Liceo Nacional Dr. Francisco de Venanzi y a la Unidad Educativa Integral Ferdinand de Saussure.<\/p>\n\n\n\n<figure class=\"wp-block-image size-large\"><img decoding=\"async\" width=\"1024\" height=\"768\" src=\"https:\/\/entretormentas.com\/wp-content\/uploads\/2025\/06\/argas3-1024x768.jpg\" alt=\"\" class=\"wp-image-17490\" srcset=\"https:\/\/entretormentas.com\/wp-content\/uploads\/2025\/06\/argas3-1024x768.jpg 1024w, https:\/\/entretormentas.com\/wp-content\/uploads\/2025\/06\/argas3-300x225.jpg 300w, https:\/\/entretormentas.com\/wp-content\/uploads\/2025\/06\/argas3-768x576.jpg 768w, https:\/\/entretormentas.com\/wp-content\/uploads\/2025\/06\/argas3-1536x1152.jpg 1536w, https:\/\/entretormentas.com\/wp-content\/uploads\/2025\/06\/argas3.jpg 1600w\" sizes=\"(max-width: 1024px) 100vw, 1024px\" \/><\/figure>\n\n\n\n<p>Oriana Rodr\u00edguez, vecina del sector, precis\u00f3 que las labores de Sagas le han permitido nuevamente reactivar la venta de comida que instal\u00f3 frente a su vivienda pero que debido a las lluvias se vio en la necesidad de cerrar temporalmente.<\/p>\n\n\n\n<p>\u201cPero ya el servicio se restableci\u00f3, ya tenemos gas y gracias a Dios con eso nos llega el trabajo para tener otra entrada de recursos\u201d, destac\u00f3 Rodr\u00edguez.<br><strong><em>ET \/ DCI Alcald\u00eda de Maracaibo<\/em><\/strong><\/p>\n\n\n\n<p><\/p>\n","protected":false},"excerpt":{"rendered":"<p>ENTRE TORMENTAS. \u201cSe acab\u00f3 el calvario\u201d, as\u00ed lo expres\u00f3 Edilia Zambrano, vecina de la calle&#8230;<\/p>\n","protected":false},"author":2,"featured_media":17491,"comment_status":"closed","ping_status":"open","sticky":false,"template":"","format":"standard","meta":{"footnotes":""},"categories":[57,1],"tags":[],"class_list":["post-17488","post","type-post","status-publish","format-standard","has-post-thumbnail","hentry","category-actualidad","category-regionales"],"_links":{"self":[{"href":"https:\/\/entretormentas.com\/index.php?rest_route=\/wp\/v2\/posts\/17488","targetHints":{"allow":["GET"]}}],"collection":[{"href":"https:\/\/entretormentas.com\/index.php?rest_route=\/wp\/v2\/posts"}],"about":[{"href":"https:\/\/entretormentas.com\/index.php?rest_route=\/wp\/v2\/types\/post"}],"author":[{"embeddable":true,"href":"https:\/\/entretormentas.com\/index.php?rest_route=\/wp\/v2\/users\/2"}],"replies":[{"embeddable":true,"href":"https:\/\/entretormentas.com\/index.php?rest_route=%2Fwp%2Fv2%2Fcomments&post=17488"}],"version-history":[{"count":1,"href":"https:\/\/entretormentas.com\/index.php?rest_route=\/wp\/v2\/posts\/17488\/revisions"}],"predecessor-version":[{"id":17492,"href":"https:\/\/entretormentas.com\/index.php?rest_route=\/wp\/v2\/posts\/17488\/revisions\/17492"}],"wp:featuredmedia":[{"embeddable":true,"href":"https:\/\/entretormentas.com\/index.php?rest_route=\/wp\/v2\/media\/17491"}],"wp:attachment":[{"href":"https:\/\/entretormentas.com\/index.php?rest_route=%2Fwp%2Fv2%2Fmedia&parent=17488"}],"wp:term":[{"taxonomy":"category","embeddable":true,"href":"https:\/\/entretormentas.com\/index.php?rest_route=%2Fwp%2Fv2%2Fcategories&post=17488"},{"taxonomy":"post_tag","embeddable":true,"href":"https:\/\/entretormentas.com\/index.php?rest_route=%2Fwp%2Fv2%2Ftags&post=17488"}],"curies":[{"name":"wp","href":"https:\/\/api.w.org\/{rel}","templated":true}]}}