{"id":17493,"date":"2025-06-04T10:23:11","date_gmt":"2025-06-04T08:23:11","guid":{"rendered":"https:\/\/entretormentas.com\/?p=17493"},"modified":"2025-06-04T10:23:11","modified_gmt":"2025-06-04T08:23:11","slug":"palabra-empenada-vecinos-de-los-sectores-plaza-y-ciudad-el-sol-reciben-kits-para-recoleccion-de-desechos-en-san-francisco","status":"publish","type":"post","link":"https:\/\/entretormentas.com\/palabra-empenada-vecinos-de-los-sectores-plaza-y-ciudad-el-sol-reciben-kits-para-recoleccion-de-desechos-en-san-francisco\/","title":{"rendered":"\u00a1PALABRA EMPE\u00d1ADA! Vecinos de los sectores Plaza y Ciudad El Sol reciben kits para recolecci\u00f3n de desechos en San Francisco"},"content":{"rendered":"\n<p><strong>ENTRE TORMENTAS.<\/strong> A fin de brindar un servicio eficiente y uso correcto de recolecci\u00f3n domiciliaria de desechos s\u00f3lidos, el alcalde Gustavo Fern\u00e1ndez, a trav\u00e9s del Instituto P\u00fablico Municipal de Ambiente y Aseo Urbano, en coordinaci\u00f3n con los vecinos y la secretaria parroquial hizo otra entrega de kits (pipas y bolsas) a residentes del Complejo Residencial El Sol, en la parroquia San Francisco.<\/p>\n\n\n\n<p>Carlos Calles, presidente de Imasur, inform\u00f3 que para garantizar la eficacia en las operaciones se realiz\u00f3 este lunes una nueva entrega en asamblea de ciudadanos de 130 recipientes para dep\u00f3sitos de basura a vecinos de Plaza El Sol y 74 en Ciudad El Sol para un total de 204.<\/p>\n\n\n\n<figure class=\"wp-block-image size-large\"><img fetchpriority=\"high\" decoding=\"async\" width=\"1024\" height=\"768\" src=\"https:\/\/entretormentas.com\/wp-content\/uploads\/2025\/06\/kit2-1024x768.jpg\" alt=\"\" class=\"wp-image-17494\" srcset=\"https:\/\/entretormentas.com\/wp-content\/uploads\/2025\/06\/kit2-1024x768.jpg 1024w, https:\/\/entretormentas.com\/wp-content\/uploads\/2025\/06\/kit2-300x225.jpg 300w, https:\/\/entretormentas.com\/wp-content\/uploads\/2025\/06\/kit2-768x576.jpg 768w, https:\/\/entretormentas.com\/wp-content\/uploads\/2025\/06\/kit2.jpg 1080w\" sizes=\"(max-width: 1024px) 100vw, 1024px\" \/><\/figure>\n\n\n\n<p>Javier Solano, director de aseo urbano y domiciliario manifest\u00f3 que por tratarse de edificios, los usuarios no pueden permanecer mucho tiempo con la basura, motivo por el cual la frecuencia de recolecci\u00f3n ser\u00e1 los d\u00edas, lunes, mi\u00e9rcoles y s\u00e1bados para \u00e9stos sectores, mi\u00e9rcoles y s\u00e1bados para las zonas aleda\u00f1as. \u00abCon esta nueva entrega se suman m\u00e1s de 450 pipas donadas en los sectores Para\u00edso El Sol, Bloques Rojos, Plaza El Sol y Ciudad El Sol, cubriendo una demanda de 2 mil 282 apartamentos, que aglutina a un aproximado de 9 mil habitantes\u00bb asever\u00f3.<\/p>\n\n\n\n<p>El llamado es nuevamente a los vecinos a tomar conciencia y evitar el bote indiscriminado de basura en lugares ya saneados. \u00abLe pedimos a los ciudadanos no continuar con esta pr\u00e1ctica, ya que esto le ocasiona un problema a la municipalidad, pero afecta directamente a las comunidades. Entre todos lograremos ganarle la batalla a la basura\u00bb, inform\u00f3 Solano.<\/p>\n\n\n\n<figure class=\"wp-block-image size-large\"><img decoding=\"async\" width=\"576\" height=\"1024\" src=\"https:\/\/entretormentas.com\/wp-content\/uploads\/2025\/06\/kit3-576x1024.jpg\" alt=\"\" class=\"wp-image-17495\" srcset=\"https:\/\/entretormentas.com\/wp-content\/uploads\/2025\/06\/kit3-576x1024.jpg 576w, https:\/\/entretormentas.com\/wp-content\/uploads\/2025\/06\/kit3-169x300.jpg 169w, https:\/\/entretormentas.com\/wp-content\/uploads\/2025\/06\/kit3.jpg 720w\" sizes=\"(max-width: 576px) 100vw, 576px\" \/><\/figure>\n\n\n\n<p>El alcalde Gustavo Fern\u00e1ndez contin\u00faa haciendo grandes esfuerzos y utilizando todas los mecanismos necesarios para convertir a San Francisco en el municipio m\u00e1s limpio del occidente del pa\u00eds, como prioridad durante su gesti\u00f3n en este 2025.<br><strong><em>ET \/ Alcald\u00eda de San Francisco<\/em><\/strong><\/p>\n\n\n\n<p><\/p>\n","protected":false},"excerpt":{"rendered":"<p>ENTRE TORMENTAS. A fin de brindar un servicio eficiente y uso correcto de recolecci\u00f3n domiciliaria&#8230;<\/p>\n","protected":false},"author":2,"featured_media":17496,"comment_status":"closed","ping_status":"open","sticky":false,"template":"","format":"standard","meta":{"footnotes":""},"categories":[57,1],"tags":[],"class_list":["post-17493","post","type-post","status-publish","format-standard","has-post-thumbnail","hentry","category-actualidad","category-regionales"],"_links":{"self":[{"href":"https:\/\/entretormentas.com\/index.php?rest_route=\/wp\/v2\/posts\/17493","targetHints":{"allow":["GET"]}}],"collection":[{"href":"https:\/\/entretormentas.com\/index.php?rest_route=\/wp\/v2\/posts"}],"about":[{"href":"https:\/\/entretormentas.com\/index.php?rest_route=\/wp\/v2\/types\/post"}],"author":[{"embeddable":true,"href":"https:\/\/entretormentas.com\/index.php?rest_route=\/wp\/v2\/users\/2"}],"replies":[{"embeddable":true,"href":"https:\/\/entretormentas.com\/index.php?rest_route=%2Fwp%2Fv2%2Fcomments&post=17493"}],"version-history":[{"count":1,"href":"https:\/\/entretormentas.com\/index.php?rest_route=\/wp\/v2\/posts\/17493\/revisions"}],"predecessor-version":[{"id":17497,"href":"https:\/\/entretormentas.com\/index.php?rest_route=\/wp\/v2\/posts\/17493\/revisions\/17497"}],"wp:featuredmedia":[{"embeddable":true,"href":"https:\/\/entretormentas.com\/index.php?rest_route=\/wp\/v2\/media\/17496"}],"wp:attachment":[{"href":"https:\/\/entretormentas.com\/index.php?rest_route=%2Fwp%2Fv2%2Fmedia&parent=17493"}],"wp:term":[{"taxonomy":"category","embeddable":true,"href":"https:\/\/entretormentas.com\/index.php?rest_route=%2Fwp%2Fv2%2Fcategories&post=17493"},{"taxonomy":"post_tag","embeddable":true,"href":"https:\/\/entretormentas.com\/index.php?rest_route=%2Fwp%2Fv2%2Ftags&post=17493"}],"curies":[{"name":"wp","href":"https:\/\/api.w.org\/{rel}","templated":true}]}}