{"id":17498,"date":"2025-06-04T10:27:15","date_gmt":"2025-06-04T08:27:15","guid":{"rendered":"https:\/\/entretormentas.com\/?p=17498"},"modified":"2025-06-04T10:27:15","modified_gmt":"2025-06-04T08:27:15","slug":"plan-cayapa-gobernador-luis-caldera-evalua-condiciones-del-hospital-dr-pedro-garcia-clara","status":"publish","type":"post","link":"https:\/\/entretormentas.com\/plan-cayapa-gobernador-luis-caldera-evalua-condiciones-del-hospital-dr-pedro-garcia-clara\/","title":{"rendered":"\u00a1PLAN CAYAPA! Gobernador Luis Caldera eval\u00faa condiciones del Hospital Dr. Pedro Garc\u00eda Clara"},"content":{"rendered":"\n<p><strong>ENTRE TORMENTAS. <\/strong>Continuando con su recorrido y evaluaci\u00f3n de los centros hospitalarios de la regi\u00f3n e impulsar el Plan Cayapa de la Salud, el gobernador bolivariano, Luis Caldera, estuvo este martes 3 de junio en el Hospital Dr. Pedro Garc\u00eda Clara del municipio Lagunillas, donde adem\u00e1s de visitar distintas \u00e1reas del mismo, sostuvo reuni\u00f3n con su directiva.<\/p>\n\n\n\n<p>\u201cVamos a levantar el coraz\u00f3n de la salud en Lagunillas\u201d, expres\u00f3 el reci\u00e9n electo mandatario regional, Caldera, al destacar que este hospital tipo 4 es centro de referencia no solo en Lagunillas, sino tambi\u00e9n en Valmore Rodr\u00edguez, Baralt y Sim\u00f3n Bol\u00edvar.<\/p>\n\n\n\n<figure class=\"wp-block-image size-large\"><img fetchpriority=\"high\" decoding=\"async\" width=\"1024\" height=\"683\" src=\"https:\/\/entretormentas.com\/wp-content\/uploads\/2025\/06\/pgc2-1024x683.jpg\" alt=\"\" class=\"wp-image-17499\" srcset=\"https:\/\/entretormentas.com\/wp-content\/uploads\/2025\/06\/pgc2-1024x683.jpg 1024w, https:\/\/entretormentas.com\/wp-content\/uploads\/2025\/06\/pgc2-300x200.jpg 300w, https:\/\/entretormentas.com\/wp-content\/uploads\/2025\/06\/pgc2-768x512.jpg 768w, https:\/\/entretormentas.com\/wp-content\/uploads\/2025\/06\/pgc2.jpg 1280w\" sizes=\"(max-width: 1024px) 100vw, 1024px\" \/><\/figure>\n\n\n\n<p>Reiter\u00f3 que en primera fase y mientras se da la transici\u00f3n del Gobierno regional, el abordaje se dar\u00e1 en su primera fase en 18 recintos hospitalarios, comenzando con seis, de los cuales, hasta este martes 3 de junio, ha recorrido dos en Maracaibo: el Servicio Aut\u00f3nomo Hospital Universitario de Maracaibo y el Hospital General del Sur Dr. Pedro Iturbe; el de Cabimas, Hospital Dr.Adolfo D\u00b4Empaire y, en Lagunillas, el Hospital Dr. Pedro Garc\u00eda Clara.<\/p>\n\n\n\n<p>Para este mi\u00e9rcoles, tiene en agenda recorrer el Hospital Binacional de Paguaipoa, en el municipio Guajira y el jueves, el Hospital General de Santa B\u00e1rbara, en el municipio Col\u00f3n.<\/p>\n\n\n\n<p><strong>ABORDAJE DE CINCO \u00c1REAS<\/strong><br>El gobernador Caldera sum\u00f3 que son cinco ejes espec\u00edficos a atender en el plan de salud. Ellos son, la rehabilitaci\u00f3n de la infraestructura, la dotaci\u00f3n y equipamiento de las \u00e1reas de im\u00e1genes en los recintos hospitalarios, atenci\u00f3n del personal m\u00e9dico y asistencial y, el quinto, la activaci\u00f3n de un sistema de referencia y contrarreferencia con sistema de ambulancias.<\/p>\n\n\n\n<figure class=\"wp-block-image size-large\"><img decoding=\"async\" width=\"1024\" height=\"768\" src=\"https:\/\/entretormentas.com\/wp-content\/uploads\/2025\/06\/pgc3-1024x768.jpg\" alt=\"\" class=\"wp-image-17500\" srcset=\"https:\/\/entretormentas.com\/wp-content\/uploads\/2025\/06\/pgc3-1024x768.jpg 1024w, https:\/\/entretormentas.com\/wp-content\/uploads\/2025\/06\/pgc3-300x225.jpg 300w, https:\/\/entretormentas.com\/wp-content\/uploads\/2025\/06\/pgc3-768x576.jpg 768w, https:\/\/entretormentas.com\/wp-content\/uploads\/2025\/06\/pgc3.jpg 1280w\" sizes=\"(max-width: 1024px) 100vw, 1024px\" \/><\/figure>\n\n\n\n<p>Adelant\u00f3 que prontamente entregar\u00e1 una ambulancia al Hospital Luis Razetti, en el municipio Baralt y otra al Hospital Dar\u00edo Su\u00e1rez, ubicado en Valmore Rodr\u00edguez.<\/p>\n\n\n\n<p>La directora del Pedro Garc\u00eda Clara, Wendy Mel\u00e9ndez, aplaudi\u00f3 que Caldera est\u00e9 dando cumplimiento a su palabra de priorizar la salud en su gobierno, visitando, haciendo evaluaciones y dando respuestas a las necesidades y problem\u00e1ticas que tienen las instituciones de salud.<\/p>\n\n\n\n<p>\u201cTodos saben que la salud es un tema de prioridad para el gobernador y es algo que va a llevar a cabo, atendiendo lo necesario para brindar atenci\u00f3n a todas las comunidades de este hospital, que recibe pacientes de cinco municipios aleda\u00f1os e, inclusive de estados como Trujillo, Lara y M\u00e9rida\u201d, refiri\u00f3.<br><strong><em>ET \/ Nota de Prensa<\/em><\/strong><\/p>\n\n\n\n<p><\/p>\n","protected":false},"excerpt":{"rendered":"<p>ENTRE TORMENTAS. Continuando con su recorrido y evaluaci\u00f3n de los centros hospitalarios de la regi\u00f3n&#8230;<\/p>\n","protected":false},"author":2,"featured_media":17501,"comment_status":"closed","ping_status":"open","sticky":false,"template":"","format":"standard","meta":{"footnotes":""},"categories":[57,1],"tags":[],"class_list":["post-17498","post","type-post","status-publish","format-standard","has-post-thumbnail","hentry","category-actualidad","category-regionales"],"_links":{"self":[{"href":"https:\/\/entretormentas.com\/index.php?rest_route=\/wp\/v2\/posts\/17498","targetHints":{"allow":["GET"]}}],"collection":[{"href":"https:\/\/entretormentas.com\/index.php?rest_route=\/wp\/v2\/posts"}],"about":[{"href":"https:\/\/entretormentas.com\/index.php?rest_route=\/wp\/v2\/types\/post"}],"author":[{"embeddable":true,"href":"https:\/\/entretormentas.com\/index.php?rest_route=\/wp\/v2\/users\/2"}],"replies":[{"embeddable":true,"href":"https:\/\/entretormentas.com\/index.php?rest_route=%2Fwp%2Fv2%2Fcomments&post=17498"}],"version-history":[{"count":1,"href":"https:\/\/entretormentas.com\/index.php?rest_route=\/wp\/v2\/posts\/17498\/revisions"}],"predecessor-version":[{"id":17502,"href":"https:\/\/entretormentas.com\/index.php?rest_route=\/wp\/v2\/posts\/17498\/revisions\/17502"}],"wp:featuredmedia":[{"embeddable":true,"href":"https:\/\/entretormentas.com\/index.php?rest_route=\/wp\/v2\/media\/17501"}],"wp:attachment":[{"href":"https:\/\/entretormentas.com\/index.php?rest_route=%2Fwp%2Fv2%2Fmedia&parent=17498"}],"wp:term":[{"taxonomy":"category","embeddable":true,"href":"https:\/\/entretormentas.com\/index.php?rest_route=%2Fwp%2Fv2%2Fcategories&post=17498"},{"taxonomy":"post_tag","embeddable":true,"href":"https:\/\/entretormentas.com\/index.php?rest_route=%2Fwp%2Fv2%2Ftags&post=17498"}],"curies":[{"name":"wp","href":"https:\/\/api.w.org\/{rel}","templated":true}]}}