{"id":17515,"date":"2025-06-04T10:39:17","date_gmt":"2025-06-04T08:39:17","guid":{"rendered":"https:\/\/entretormentas.com\/?p=17515"},"modified":"2025-06-04T10:39:18","modified_gmt":"2025-06-04T08:39:18","slug":"tenian-armas-de-guerra-maduro-anuncia-captura-de-un-grupo-de-terroristas-que-venia-desde-trinidad-y-tobago","status":"publish","type":"post","link":"https:\/\/entretormentas.com\/tenian-armas-de-guerra-maduro-anuncia-captura-de-un-grupo-de-terroristas-que-venia-desde-trinidad-y-tobago\/","title":{"rendered":"\u00a1TEN\u00cdAN ARMAS DE GUERRA! Maduro anuncia captura de un \u00abgrupo de terroristas\u00bb que ven\u00eda desde Trinidad y Tobago"},"content":{"rendered":"\n<p><strong>ENTRE TORMENTAS.<\/strong> El presidente, Nicol\u00e1s Maduro, inform\u00f3 este martes que fue capturado un \u00abgrupo de terroristas\u00bb que intent\u00f3 ingresar al pa\u00eds, desde Trinidad y Tobago, con un \u00ablote de armas de guerra\u00bb.<\/p>\n\n\n\n<p>\u00abEl d\u00eda de ayer (lunes) capturamos a un grupo de terroristas, por ac\u00e1 por el oriente del pa\u00eds, con un lote de armas de guerra, ingresando desde Trinidad y Tobago, entre los cuales la mitad son colombianos, sicarios colombianos, tra\u00eddos por el mar Caribe para entrar (a Venezuela)\u00bb, se\u00f1al\u00f3 el mandatario en un acto televisado.<\/p>\n\n\n\n<p>Maduro no precis\u00f3 la cantidad de personas detenidas, pero pidi\u00f3 a la poblaci\u00f3n tener \u00abmil ojos, mil o\u00eddos, porque no han podido ni podr\u00e1n los terroristas\u00bb.<\/p>\n\n\n\n<p>El mandatario se\u00f1al\u00f3 que el \u00abfascismo de los apellidos\u00bb ha preparado \u00abataques terroristas\u00bb en el primer cuatrimestre del a\u00f1o que, sostuvo, su Gobierno ha \u00ablogrado neutralizar con la captura de los m\u00e1s importantes capos de los grupos terroristas\u00bb, indic\u00f3 Uni\u00f3n Radio.<br><strong><em>ET \/ Agencias<\/em><\/strong><\/p>\n","protected":false},"excerpt":{"rendered":"<p>ENTRE TORMENTAS. El presidente, Nicol\u00e1s Maduro, inform\u00f3 este martes que fue capturado un \u00abgrupo de&#8230;<\/p>\n","protected":false},"author":2,"featured_media":17516,"comment_status":"closed","ping_status":"open","sticky":false,"template":"","format":"standard","meta":{"footnotes":""},"categories":[56,49],"tags":[],"class_list":["post-17515","post","type-post","status-publish","format-standard","has-post-thumbnail","hentry","category-destacadas","category-nacionales"],"_links":{"self":[{"href":"https:\/\/entretormentas.com\/index.php?rest_route=\/wp\/v2\/posts\/17515","targetHints":{"allow":["GET"]}}],"collection":[{"href":"https:\/\/entretormentas.com\/index.php?rest_route=\/wp\/v2\/posts"}],"about":[{"href":"https:\/\/entretormentas.com\/index.php?rest_route=\/wp\/v2\/types\/post"}],"author":[{"embeddable":true,"href":"https:\/\/entretormentas.com\/index.php?rest_route=\/wp\/v2\/users\/2"}],"replies":[{"embeddable":true,"href":"https:\/\/entretormentas.com\/index.php?rest_route=%2Fwp%2Fv2%2Fcomments&post=17515"}],"version-history":[{"count":1,"href":"https:\/\/entretormentas.com\/index.php?rest_route=\/wp\/v2\/posts\/17515\/revisions"}],"predecessor-version":[{"id":17517,"href":"https:\/\/entretormentas.com\/index.php?rest_route=\/wp\/v2\/posts\/17515\/revisions\/17517"}],"wp:featuredmedia":[{"embeddable":true,"href":"https:\/\/entretormentas.com\/index.php?rest_route=\/wp\/v2\/media\/17516"}],"wp:attachment":[{"href":"https:\/\/entretormentas.com\/index.php?rest_route=%2Fwp%2Fv2%2Fmedia&parent=17515"}],"wp:term":[{"taxonomy":"category","embeddable":true,"href":"https:\/\/entretormentas.com\/index.php?rest_route=%2Fwp%2Fv2%2Fcategories&post=17515"},{"taxonomy":"post_tag","embeddable":true,"href":"https:\/\/entretormentas.com\/index.php?rest_route=%2Fwp%2Fv2%2Ftags&post=17515"}],"curies":[{"name":"wp","href":"https:\/\/api.w.org\/{rel}","templated":true}]}}