{"id":17526,"date":"2025-06-04T17:23:57","date_gmt":"2025-06-04T15:23:57","guid":{"rendered":"https:\/\/entretormentas.com\/?p=17526"},"modified":"2025-06-04T17:23:59","modified_gmt":"2025-06-04T15:23:59","slug":"vientos-de-cambio-y-desafios-para-la-democracia","status":"publish","type":"post","link":"https:\/\/entretormentas.com\/vientos-de-cambio-y-desafios-para-la-democracia\/","title":{"rendered":"Vientos de cambio y desaf\u00edos para la democracia"},"content":{"rendered":"\n<p><strong>ENTRE TORMENTAS.<\/strong> El reciente proceso electoral reconfigur\u00f3 el panorama pol\u00edtico de la regi\u00f3n para los pr\u00f3ximos cuatro a\u00f1os, enviando un \u00abMensaje a Garc\u00eda\u00bb a los sectores pol\u00edticos sobre la realidad ciudadana.<\/p>\n\n\n\n<p>Esta realidad, forjada con el voto, plantea nuevas expectativas y, a su vez, desaf\u00edos para quienes deben asumir las riendas en la conduccion del estado Zulia y del Consejo Legislativo en la entidad.<\/p>\n\n\n\n<p>Es especialmente llamativo el tono conciliador del reci\u00e9n electo gobernador, Luis Caldera. Sus primeras palabras, \u00abvenimos a tender puentes y derribar muros\u00bb, resuenan con una promesa de gobernabilidad inclusiva.<\/p>\n\n\n\n<p>Esta declaraci\u00f3n inicial sugiere una administraci\u00f3n alejada de la persecuci\u00f3n pol\u00edtica, un anhelo largamente esperado en una sociedad a menudo polarizada. La inferencia es clara: se aspira a un gobierno que valore la meritocracia, donde la capacidad y el esfuerzo sean los verdaderos motores del progreso, y no la filiaci\u00f3n pol\u00edtica.<\/p>\n\n\n\n<p>Si este esp\u00edritu de unidad y respeto prevalece, el Zulia podr\u00eda estar ante una oportunidad \u00fanica para sanar heridas y avanzar de manera cohesionada.<\/p>\n\n\n\n<p>Sin embargo, en medio de este aire de renovaci\u00f3n, emerge una preocupaci\u00f3n que no podemos soslayar. A pesar de haber transitado un proceso electoral para definir el liderazgo regional, hemos sido testigos de un preocupante irrespeto a los lapsos establecidos constitucionalmente para los mandatos regionales. Esto, sencillamente, no debi\u00f3 ocurrir.<\/p>\n\n\n\n<figure class=\"wp-block-image size-large\"><img fetchpriority=\"high\" decoding=\"async\" width=\"1024\" height=\"985\" src=\"https:\/\/entretormentas.com\/wp-content\/uploads\/2025\/06\/SANDY1-1024x985.jpg\" alt=\"\" class=\"wp-image-17527\" srcset=\"https:\/\/entretormentas.com\/wp-content\/uploads\/2025\/06\/SANDY1-1024x985.jpg 1024w, https:\/\/entretormentas.com\/wp-content\/uploads\/2025\/06\/SANDY1-300x289.jpg 300w, https:\/\/entretormentas.com\/wp-content\/uploads\/2025\/06\/SANDY1-768x739.jpg 768w, https:\/\/entretormentas.com\/wp-content\/uploads\/2025\/06\/SANDY1.jpg 1036w\" sizes=\"(max-width: 1024px) 100vw, 1024px\" \/><\/figure>\n\n\n\n<p>La democracia es un sistema que se sustenta en el respeto a las leyes y a las instituciones. Cuando se alteran los tiempos y procedimientos establecidos, se crea un precedente peligroso que, a la larga, socava la esencia misma de la democracia. La legitimidad del voto, aunque innegable, se ve empa\u00f1ada por la erosi\u00f3n de las normas que garantizan la estabilidad y la predictibilidad del sistema pol\u00edtico.<\/p>\n\n\n\n<p>Vaya esta reflexi\u00f3n para que se analice lo que realmente debe prevalecer, y que no es mas que el fortalecimiento de las instituciones y la garant\u00eda de pleno respeto a la Constituci\u00f3n. De lo contrario, el golpe de tim\u00f3n dado por el pueblo zuliano podr\u00eda verse debilitado en un tiempo muy corto.<\/p>\n\n\n\n<p>El verdadero desaf\u00edo reside en que, m\u00e1s all\u00e1 de las personalidades y los partidos, prevalezcan los principios que sostienen el edificio de nuestra rep\u00fablica.<\/p>\n\n\n\n<p>Finalmente, quiero agradecer a quienes, como yo, salieron a votar el pasado 25 de mayo, somos nosotros los que hacemos valer nuestros derechos y deberes, m\u00e1s all\u00e1 de quejarnos por la realidad que nos envuelve. Tengan la seguridad que lo har\u00e9 las veces que sea necesario porque solo as\u00ed se construye y preserva la democracia.<\/p>\n\n\n\n<p><strong><em>Sandy Ulacio<br>Periodista \/ Analista pol\u00edtico<\/em><\/strong><\/p>\n\n\n\n<p><\/p>\n","protected":false},"excerpt":{"rendered":"<p>ENTRE TORMENTAS. El reciente proceso electoral reconfigur\u00f3 el panorama pol\u00edtico de la regi\u00f3n para los&#8230;<\/p>\n","protected":false},"author":2,"featured_media":17528,"comment_status":"closed","ping_status":"open","sticky":false,"template":"","format":"standard","meta":{"footnotes":""},"categories":[50],"tags":[],"class_list":["post-17526","post","type-post","status-publish","format-standard","has-post-thumbnail","hentry","category-opinion"],"_links":{"self":[{"href":"https:\/\/entretormentas.com\/index.php?rest_route=\/wp\/v2\/posts\/17526","targetHints":{"allow":["GET"]}}],"collection":[{"href":"https:\/\/entretormentas.com\/index.php?rest_route=\/wp\/v2\/posts"}],"about":[{"href":"https:\/\/entretormentas.com\/index.php?rest_route=\/wp\/v2\/types\/post"}],"author":[{"embeddable":true,"href":"https:\/\/entretormentas.com\/index.php?rest_route=\/wp\/v2\/users\/2"}],"replies":[{"embeddable":true,"href":"https:\/\/entretormentas.com\/index.php?rest_route=%2Fwp%2Fv2%2Fcomments&post=17526"}],"version-history":[{"count":1,"href":"https:\/\/entretormentas.com\/index.php?rest_route=\/wp\/v2\/posts\/17526\/revisions"}],"predecessor-version":[{"id":17529,"href":"https:\/\/entretormentas.com\/index.php?rest_route=\/wp\/v2\/posts\/17526\/revisions\/17529"}],"wp:featuredmedia":[{"embeddable":true,"href":"https:\/\/entretormentas.com\/index.php?rest_route=\/wp\/v2\/media\/17528"}],"wp:attachment":[{"href":"https:\/\/entretormentas.com\/index.php?rest_route=%2Fwp%2Fv2%2Fmedia&parent=17526"}],"wp:term":[{"taxonomy":"category","embeddable":true,"href":"https:\/\/entretormentas.com\/index.php?rest_route=%2Fwp%2Fv2%2Fcategories&post=17526"},{"taxonomy":"post_tag","embeddable":true,"href":"https:\/\/entretormentas.com\/index.php?rest_route=%2Fwp%2Fv2%2Ftags&post=17526"}],"curies":[{"name":"wp","href":"https:\/\/api.w.org\/{rel}","templated":true}]}}