{"id":17530,"date":"2025-06-05T16:46:53","date_gmt":"2025-06-05T14:46:53","guid":{"rendered":"https:\/\/entretormentas.com\/?p=17530"},"modified":"2025-06-05T16:46:54","modified_gmt":"2025-06-05T14:46:54","slug":"en-alianza-inedita-con-el-sistema-el-imgra-oficializa-la-escuela-de-cuatro-santiago-soto","status":"publish","type":"post","link":"https:\/\/entretormentas.com\/en-alianza-inedita-con-el-sistema-el-imgra-oficializa-la-escuela-de-cuatro-santiago-soto\/","title":{"rendered":"\u00a1EN ALIANZA IN\u00c9DITA CON EL SISTEMA! El IMGRA oficializa la Escuela de cuatro \u201cSantiago Soto\u201d"},"content":{"rendered":"\n<p><strong>ENTRE TORMENTAS.<\/strong> El Instituto Municipal de la Gaita Ricardo Aguirre (IMGRA) de la Alcald\u00eda de Maracaibo hizo realidad este 3 junio un nuevo sue\u00f1o; la conformaci\u00f3n de la Escuela de cuatro \u201cSantiago Soto\u201d, en una alianza sin precedentes con El Sistema Nacional de Orquestas y Coros Juveniles e Infantiles de Venezuela, espec\u00edficamente con el N\u00facleo-Maracaibo Centro.<\/p>\n\n\n\n<p>En la sede del IMGRA se realiz\u00f3 el lanzamiento de esta escuela en un evento que fue una expresi\u00f3n viva de cultura, alegr\u00eda y tradici\u00f3n. Cont\u00f3 con la presencia de Johana Salas, presidenta del instituto; Santiago Soto, cuatrista y gaitero homenajeado; Asdr\u00fabal Castillo, director del N\u00facleo Maracaibo-Centro de El Sistema; Sara Fern\u00e1ndez, directora de Desarrollo Social de la Alcald\u00eda de Maracaibo y los m\u00e1s de 80 estudiantes matriculados.<\/p>\n\n\n\n<p>La presidenta del IMGRA inici\u00f3 el acto a las 12:03 del mediod\u00eda pidiendo un minuto de aplausos por la memoria del fallecido maestro Humberto Bracho, quien fue el director musical del R\u00e9cord Guinness de la Gaita y tambi\u00e9n vicepresidente del IMGRA.<\/p>\n\n\n\n<figure class=\"wp-block-image size-large\"><img fetchpriority=\"high\" decoding=\"async\" width=\"1024\" height=\"682\" src=\"https:\/\/entretormentas.com\/wp-content\/uploads\/2025\/06\/SANTIAGO2-1024x682.jpg\" alt=\"\" class=\"wp-image-17531\" srcset=\"https:\/\/entretormentas.com\/wp-content\/uploads\/2025\/06\/SANTIAGO2-1024x682.jpg 1024w, https:\/\/entretormentas.com\/wp-content\/uploads\/2025\/06\/SANTIAGO2-300x200.jpg 300w, https:\/\/entretormentas.com\/wp-content\/uploads\/2025\/06\/SANTIAGO2-768x512.jpg 768w, https:\/\/entretormentas.com\/wp-content\/uploads\/2025\/06\/SANTIAGO2-1536x1024.jpg 1536w, https:\/\/entretormentas.com\/wp-content\/uploads\/2025\/06\/SANTIAGO2-2048x1365.jpg 2048w\" sizes=\"(max-width: 1024px) 100vw, 1024px\" \/><\/figure>\n\n\n\n<p>Tras la ovaci\u00f3n, Salas destac\u00f3 que con la Escuela de cuatro \u201cSantiago Soto\u201d se estar\u00eda materializando otro de los sue\u00f1os y metas que se han planteado como equipo.<\/p>\n\n\n\n<p>Recalc\u00f3 la importancia de la alianza entre el IMGRA y El Sistema para fortalecer la disciplina, el trabajo, la confianza, ampliando los conocimientos con el cuatro, que es un instrumento que mueve las fibras y las emociones de los zulianos.<\/p>\n\n\n\n<p>\u201cGracias a El Sistema por unirse a este trabajo que venimos realizando, porque no es solo tocar un instrumento, sino tambi\u00e9n tocar corazones a trav\u00e9s de la m\u00fasica, transformar vidas. Desde hoy hacemos esta uni\u00f3n para seguir trabajando en sembrar los valores en cada uno de nuestros ni\u00f1os\u201d, indic\u00f3.<\/p>\n\n\n\n<p>Por su parte, Asdr\u00fabal Castillo, manifest\u00f3 agradecimiento por la invitaci\u00f3n que se le hizo a El Sistema para formar parte de la familia IMGRA, destacando lo in\u00e9dito de esta uni\u00f3n. Confi\u00f3 que de dos instituciones que obtuvieron un R\u00e9cord Guinness \u201ctiene que salir algo bueno\u201d.<\/p>\n\n\n\n<p>\u201cEs importante recordar que nuestro maestro Jos\u00e9 Antonio Abreu cre\u00f3 El Sistema de Orquesta para acompa\u00f1ar el talento de los ni\u00f1os y crear espacios de felicidad, y este es un espacio de felicidad y desarrollo para ustedes, por esta raz\u00f3n nos sumamos a este apoyo que va m\u00e1s all\u00e1 de una dotaci\u00f3n. Estamos a la orden en todos los sentidos, desde lo profesional, t\u00e9cnico y los espacios. Cuenten con El Sistema, vamos a estar pendiente y estaremos siempre de la mano\u201d, indic\u00f3 Castillo.<\/p>\n\n\n\n<p>Sara Fern\u00e1ndez, directora de Desarrollo Social, indic\u00f3 que desde la Alcald\u00eda de Maracaibo se trabaja para seguir sumando escuelas musicales y darle oportunidades a los m\u00e1s peque\u00f1os. Halag\u00f3 los esfuerzos del instituto y de los padres y representantes para hacer posible la formaci\u00f3n musical de los ni\u00f1os, ni\u00f1as y adolescentes.<\/p>\n\n\n\n<p>\u201cInvertir en la infancia es invertir en el futuro y ustedes son hoy nuestro futuro m\u00e1s tangible en la ciudad de Maracaibo. Vamos a seguir trabajando por el bien com\u00fan, por la cultura y por la gaita que nos hace ver m\u00e1s regionalistas\u201d, se\u00f1al\u00f3 Fern\u00e1ndez.<\/p>\n\n\n\n<figure class=\"wp-block-image size-large\"><img decoding=\"async\" width=\"1024\" height=\"682\" src=\"https:\/\/entretormentas.com\/wp-content\/uploads\/2025\/06\/SANTIAGO3-1024x682.jpg\" alt=\"\" class=\"wp-image-17532\" srcset=\"https:\/\/entretormentas.com\/wp-content\/uploads\/2025\/06\/SANTIAGO3-1024x682.jpg 1024w, https:\/\/entretormentas.com\/wp-content\/uploads\/2025\/06\/SANTIAGO3-300x200.jpg 300w, https:\/\/entretormentas.com\/wp-content\/uploads\/2025\/06\/SANTIAGO3-768x512.jpg 768w, https:\/\/entretormentas.com\/wp-content\/uploads\/2025\/06\/SANTIAGO3-1536x1024.jpg 1536w, https:\/\/entretormentas.com\/wp-content\/uploads\/2025\/06\/SANTIAGO3-2048x1365.jpg 2048w\" sizes=\"(max-width: 1024px) 100vw, 1024px\" \/><\/figure>\n\n\n\n<p><strong>LA VOZ DEL HOMENAJEADO<\/strong><br>El gaitero y cuatrista Santiago Soto manifest\u00f3 asombro al enterarse que este nuevo espacio musical recibir\u00eda su nombre. \u201cNunca me imagin\u00e9 que esto iba pasar. Les quiero dar las gracias por darme este honor\u201d, expres\u00f3 entre sollozo.<\/p>\n\n\n\n<p>Soto aprovech\u00f3 para mencionar ante los ni\u00f1os y adolescentes presentes que ser gaitero es un modo de vida. \u201cEl que tiene un gaitero en su familia tiene la felicidad segura, tiene el conocimiento del gentilicio zuliano dentro de su hogar\u201d.<\/p>\n\n\n\n<p>El cuatrista les recomend\u00f3 a los estudiantes a ser constantes y fieles a sus agrupaciones, adem\u00e1s a trabajar con honestidad y humildad. Concluy\u00f3 sus palabras para hacer sonar su instrumento y el de los m\u00fasicos en formaci\u00f3n con la gaita Reina Morena.<br><strong><em>ET \/ DIC Alcald\u00eda de Maracaibo<\/em><\/strong><\/p>\n\n\n\n<p><\/p>\n","protected":false},"excerpt":{"rendered":"<p>ENTRE TORMENTAS. El Instituto Municipal de la Gaita Ricardo Aguirre (IMGRA) de la Alcald\u00eda de&#8230;<\/p>\n","protected":false},"author":2,"featured_media":17533,"comment_status":"closed","ping_status":"open","sticky":false,"template":"","format":"standard","meta":{"footnotes":""},"categories":[57,1],"tags":[],"class_list":["post-17530","post","type-post","status-publish","format-standard","has-post-thumbnail","hentry","category-actualidad","category-regionales"],"_links":{"self":[{"href":"https:\/\/entretormentas.com\/index.php?rest_route=\/wp\/v2\/posts\/17530","targetHints":{"allow":["GET"]}}],"collection":[{"href":"https:\/\/entretormentas.com\/index.php?rest_route=\/wp\/v2\/posts"}],"about":[{"href":"https:\/\/entretormentas.com\/index.php?rest_route=\/wp\/v2\/types\/post"}],"author":[{"embeddable":true,"href":"https:\/\/entretormentas.com\/index.php?rest_route=\/wp\/v2\/users\/2"}],"replies":[{"embeddable":true,"href":"https:\/\/entretormentas.com\/index.php?rest_route=%2Fwp%2Fv2%2Fcomments&post=17530"}],"version-history":[{"count":1,"href":"https:\/\/entretormentas.com\/index.php?rest_route=\/wp\/v2\/posts\/17530\/revisions"}],"predecessor-version":[{"id":17534,"href":"https:\/\/entretormentas.com\/index.php?rest_route=\/wp\/v2\/posts\/17530\/revisions\/17534"}],"wp:featuredmedia":[{"embeddable":true,"href":"https:\/\/entretormentas.com\/index.php?rest_route=\/wp\/v2\/media\/17533"}],"wp:attachment":[{"href":"https:\/\/entretormentas.com\/index.php?rest_route=%2Fwp%2Fv2%2Fmedia&parent=17530"}],"wp:term":[{"taxonomy":"category","embeddable":true,"href":"https:\/\/entretormentas.com\/index.php?rest_route=%2Fwp%2Fv2%2Fcategories&post=17530"},{"taxonomy":"post_tag","embeddable":true,"href":"https:\/\/entretormentas.com\/index.php?rest_route=%2Fwp%2Fv2%2Ftags&post=17530"}],"curies":[{"name":"wp","href":"https:\/\/api.w.org\/{rel}","templated":true}]}}