{"id":17535,"date":"2025-06-05T16:51:12","date_gmt":"2025-06-05T14:51:12","guid":{"rendered":"https:\/\/entretormentas.com\/?p=17535"},"modified":"2025-06-05T16:51:12","modified_gmt":"2025-06-05T14:51:12","slug":"alcaldia-de-maracaibo-activa-arrancan-trabajos-de-adecuacion-en-el-ambulatorio-de-francisco-eugenio-bustamante","status":"publish","type":"post","link":"https:\/\/entretormentas.com\/alcaldia-de-maracaibo-activa-arrancan-trabajos-de-adecuacion-en-el-ambulatorio-de-francisco-eugenio-bustamante\/","title":{"rendered":"\u00a1ALCALD\u00cdA DE MARACAIBO ACTIVA! Arrancan trabajos de adecuaci\u00f3n en el Ambulatorio de Francisco Eugenio Bustamante"},"content":{"rendered":"\n<p><strong>ENTRE TORMENTAS. <\/strong>Para seguir ampliando la red ambulatoria municipal y mejorando la atenci\u00f3n en salud primaria, este martes 3 de junio, la Alcald\u00eda de Maracaibo arranc\u00f3 los trabajos de adecuaci\u00f3n del Ambulatorio de Francisco Eugenio Bustamante, en la calle 95\u202fV carretera V\u00eda Los Bucares.<\/p>\n\n\n\n<p>Atender\u00e1 a la parroquia m\u00e1s grande del municipio y estar\u00e1 ubicada en el Centro de Participaci\u00f3n Ciudadana de Francisco Eugenio Bustamante, un sitio estrat\u00e9gico y de f\u00e1cil acceso para los habitantes del oeste de la ciudad.<\/p>\n\n\n\n<p>Adri\u00e1n Romero Mart\u00ednez, alcalde encargado de Maracaibo, explic\u00f3 que los sectores como Altos I, II y III, Felipe P\u00edrela, Cuatricentenario, La Chamarreta, La Lechuga, San Miguel y San Rafael se ven directamente beneficiados. Sin embargo, las parroquias aleda\u00f1as como Antonio Borjas Romero, Ra\u00fal Leoni y San Isidro puedan venir a consultarse con los m\u00e9dicos de SAMAS, Fundasalud y de la Direcci\u00f3n General de Salud.<\/p>\n\n\n\n<figure class=\"wp-block-image size-large\"><img fetchpriority=\"high\" decoding=\"async\" width=\"1024\" height=\"575\" src=\"https:\/\/entretormentas.com\/wp-content\/uploads\/2025\/06\/AMBUADRIAN2-1024x575.jpg\" alt=\"\" class=\"wp-image-17536\" srcset=\"https:\/\/entretormentas.com\/wp-content\/uploads\/2025\/06\/AMBUADRIAN2-1024x575.jpg 1024w, https:\/\/entretormentas.com\/wp-content\/uploads\/2025\/06\/AMBUADRIAN2-300x169.jpg 300w, https:\/\/entretormentas.com\/wp-content\/uploads\/2025\/06\/AMBUADRIAN2-768x432.jpg 768w, https:\/\/entretormentas.com\/wp-content\/uploads\/2025\/06\/AMBUADRIAN2-1536x863.jpg 1536w, https:\/\/entretormentas.com\/wp-content\/uploads\/2025\/06\/AMBUADRIAN2.jpg 1600w\" sizes=\"(max-width: 1024px) 100vw, 1024px\" \/><\/figure>\n\n\n\n<p>Detall\u00f3 que el proyecto tendr\u00e1 varias fases con la construcci\u00f3n de seis consultorios donde se ofrecer\u00e1 medicina general, pediatr\u00eda, psicolog\u00eda, psiquiatr\u00eda, nutrici\u00f3n, ginecolog\u00eda y obstetricia, y m\u00e1s adelante contar\u00e1 con servicio de odontolog\u00eda y laboratorio a bajo costo.<\/p>\n\n\n\n<p>El Ambulatorio de Francisco Eugenio Bustamante se suma a los cuatro municipales ya existentes: el ubicado en el Terminal de Maracaibo que atiende a la parroquia Cristo de Aranza, el m\u00f3dulo de salud Almawin en la parroquia Luis Hurtado Higuera, el ambulatorio del oeste para las parroquias Antonio Borja Romero y Francisco Eugenio Bustamante y el ubicado en Plaza para Todos que atiende a las parroquias Idellfonso V\u00e1zquez, Juana de \u00c1vila y Chiquinquir\u00e1.<\/p>\n\n\n\n<p>Jaibel Fuenmayor, directora general de Salud, se\u00f1al\u00f3 que la adecuaci\u00f3n de este ambulatorio va a aligerar el volumen de atenci\u00f3n en los centros de salud de la zona como el Hospital Cuatricentenario, el Ambulatorio San Miguel, el CDI Villa Baralt, entre otros. \u201cLa idea es llegar a las comunidades con nuestra salud primaria, para que puedan ser diagnosticados y valorados, y as\u00ed ahorrarles a los usuarios la necesidad de tener que pagar consultas privadas\u201d.<\/p>\n\n\n\n<figure class=\"wp-block-image size-large\"><img decoding=\"async\" width=\"1024\" height=\"575\" src=\"https:\/\/entretormentas.com\/wp-content\/uploads\/2025\/06\/AMBUADRIAN3-1024x575.jpg\" alt=\"\" class=\"wp-image-17537\" srcset=\"https:\/\/entretormentas.com\/wp-content\/uploads\/2025\/06\/AMBUADRIAN3-1024x575.jpg 1024w, https:\/\/entretormentas.com\/wp-content\/uploads\/2025\/06\/AMBUADRIAN3-300x169.jpg 300w, https:\/\/entretormentas.com\/wp-content\/uploads\/2025\/06\/AMBUADRIAN3-768x432.jpg 768w, https:\/\/entretormentas.com\/wp-content\/uploads\/2025\/06\/AMBUADRIAN3-1536x863.jpg 1536w, https:\/\/entretormentas.com\/wp-content\/uploads\/2025\/06\/AMBUADRIAN3.jpg 1600w\" sizes=\"(max-width: 1024px) 100vw, 1024px\" \/><\/figure>\n\n\n\n<p>Asimismo, reiter\u00f3 el compromiso de la Direcci\u00f3n de Salud para seguir llevando prevenci\u00f3n en salud y atenci\u00f3n primaria a todo el municipio. \u201cLa invitaci\u00f3n es que sigan visitando nuestros ambulatorios, ya que est\u00e1n todos dotados de consultas especializadas como cardiolog\u00eda, psiquiatr\u00eda, psicolog\u00eda, nutrici\u00f3n, medicina general, pediatr\u00eda y ginecolog\u00eda\u201d.<\/p>\n\n\n\n<p>Adrielkys Reyes, ingeniera encargada de Infraestructura en Salud, inform\u00f3 que el proyecto contempla dos pisos, seis espacios, m\u00e1s la sala de espera y la rehabilitaci\u00f3n de los sanitarios, mantenimiento de aires acondicionados, la sustituci\u00f3n y reparaci\u00f3n de luminarias, limpieza y desinfecci\u00f3n.<\/p>\n\n\n\n<p>\u201cMaracaibo contar\u00e1 con un nuevo centro de salud. Ya arrancaron los trabajos de desinfecci\u00f3n, limpieza y adecuaci\u00f3n de algunos espacios. Nuestras proyecciones son que este a\u00f1o podamos ponerlo al servicio de la gente\u201d.<br><strong><em>ET \/ DCI Alcald\u00eda de Maracaibo<\/em><\/strong><\/p>\n\n\n\n<p><\/p>\n","protected":false},"excerpt":{"rendered":"<p>ENTRE TORMENTAS. Para seguir ampliando la red ambulatoria municipal y mejorando la atenci\u00f3n en salud&#8230;<\/p>\n","protected":false},"author":2,"featured_media":17538,"comment_status":"closed","ping_status":"open","sticky":false,"template":"","format":"standard","meta":{"footnotes":""},"categories":[57,1],"tags":[],"class_list":["post-17535","post","type-post","status-publish","format-standard","has-post-thumbnail","hentry","category-actualidad","category-regionales"],"_links":{"self":[{"href":"https:\/\/entretormentas.com\/index.php?rest_route=\/wp\/v2\/posts\/17535","targetHints":{"allow":["GET"]}}],"collection":[{"href":"https:\/\/entretormentas.com\/index.php?rest_route=\/wp\/v2\/posts"}],"about":[{"href":"https:\/\/entretormentas.com\/index.php?rest_route=\/wp\/v2\/types\/post"}],"author":[{"embeddable":true,"href":"https:\/\/entretormentas.com\/index.php?rest_route=\/wp\/v2\/users\/2"}],"replies":[{"embeddable":true,"href":"https:\/\/entretormentas.com\/index.php?rest_route=%2Fwp%2Fv2%2Fcomments&post=17535"}],"version-history":[{"count":1,"href":"https:\/\/entretormentas.com\/index.php?rest_route=\/wp\/v2\/posts\/17535\/revisions"}],"predecessor-version":[{"id":17539,"href":"https:\/\/entretormentas.com\/index.php?rest_route=\/wp\/v2\/posts\/17535\/revisions\/17539"}],"wp:featuredmedia":[{"embeddable":true,"href":"https:\/\/entretormentas.com\/index.php?rest_route=\/wp\/v2\/media\/17538"}],"wp:attachment":[{"href":"https:\/\/entretormentas.com\/index.php?rest_route=%2Fwp%2Fv2%2Fmedia&parent=17535"}],"wp:term":[{"taxonomy":"category","embeddable":true,"href":"https:\/\/entretormentas.com\/index.php?rest_route=%2Fwp%2Fv2%2Fcategories&post=17535"},{"taxonomy":"post_tag","embeddable":true,"href":"https:\/\/entretormentas.com\/index.php?rest_route=%2Fwp%2Fv2%2Ftags&post=17535"}],"curies":[{"name":"wp","href":"https:\/\/api.w.org\/{rel}","templated":true}]}}