{"id":17540,"date":"2025-06-05T16:55:23","date_gmt":"2025-06-05T14:55:23","guid":{"rendered":"https:\/\/entretormentas.com\/?p=17540"},"modified":"2025-06-05T16:55:24","modified_gmt":"2025-06-05T14:55:24","slug":"cumpliendo-alcalde-gustavo-fernandez-inspecciona-trabajos-de-recuperacion-en-el-muro-de-la-200","status":"publish","type":"post","link":"https:\/\/entretormentas.com\/cumpliendo-alcalde-gustavo-fernandez-inspecciona-trabajos-de-recuperacion-en-el-muro-de-la-200\/","title":{"rendered":"\u00a1CUMPLIENDO! Alcalde Gustavo Fern\u00e1ndez inspecciona trabajos de recuperaci\u00f3n en el Muro de la 200"},"content":{"rendered":"\n<p><strong>ENTRE TORMENTAS. <\/strong>Este mi\u00e9rcoles, el alcalde del municipio San Francisco, Gustavo Fern\u00e1ndez, junto a los equipos t\u00e9cnicos y operativos de las gerencias de operaciones e infraestructura, inspeccion\u00f3 el avance en los trabajos de recuperaci\u00f3n y reacondicionamiento del Muro de la 200, zona ubicada entre el barrio Democracia de la parroquia Jos\u00e9 Domingo Rus, los barrios Alberto Carnevalli y Universidad, de la parroquia Domitila Flores.<\/p>\n\n\n\n<p>\u00abHoy 4 de junio, nos encontramos haciendo una inspecci\u00f3n a esta obra que por a\u00f1os ped\u00eda la instalaci\u00f3n de concreto, ya que debido a la fuerza de la ca\u00f1ada que aqu\u00ed corre, el asfaltado siempre se ve\u00eda afectado, por lo que decidimos sustituirlo por un material m\u00e1s resistente que garantice su permanencia en el tiempo. Se demoli\u00f3 el viejo pavimento e inici\u00f3 la excavaci\u00f3n a m\u00e1quina, conformaci\u00f3n, nivelaci\u00f3n, colocaci\u00f3n de acero de refuerzo y vaciado de concreto resistencia 250, en la base para la construcci\u00f3n de muro de contenci\u00f3n en socavamiento e instalaci\u00f3n de tubos barandales que ser\u00e1n reforzados para garantizar seguridad tanto a conductores como a transe\u00fantes\u00bb&#8216; inform\u00f3 el jefe del Ejecutivo municipal.<\/p>\n\n\n\n<figure class=\"wp-block-image size-large\"><img fetchpriority=\"high\" decoding=\"async\" width=\"1024\" height=\"886\" src=\"https:\/\/entretormentas.com\/wp-content\/uploads\/2025\/06\/MUROGF2-1024x886.jpg\" alt=\"\" class=\"wp-image-17541\" srcset=\"https:\/\/entretormentas.com\/wp-content\/uploads\/2025\/06\/MUROGF2-1024x886.jpg 1024w, https:\/\/entretormentas.com\/wp-content\/uploads\/2025\/06\/MUROGF2-300x259.jpg 300w, https:\/\/entretormentas.com\/wp-content\/uploads\/2025\/06\/MUROGF2-768x664.jpg 768w, https:\/\/entretormentas.com\/wp-content\/uploads\/2025\/06\/MUROGF2.jpg 1280w\" sizes=\"(max-width: 1024px) 100vw, 1024px\" \/><\/figure>\n\n\n\n<p>Agreg\u00f3 que este es un trabajo que se viene desarrollando con una importante inversi\u00f3n, en esta gesti\u00f3n gubernamental. Se prev\u00e9 la colocaci\u00f3n de las pantallas definitivas del puente del Muro de la 200 y el asfaltado del mismo, permitiendo as\u00ed complementar integralmente esta importante obra de infraestructura vial.<\/p>\n\n\n\n<p>Dijo adem\u00e1s, que tambi\u00e9n se tiene previsto recuperar toda la v\u00eda que conduce al Corredor Vial La 200, beneficiando a centros educativos, deportivos, de salud, transportistas y comunidad en general, d\u00e1ndole una nueva visual a esta conocida zona residencial y comercial de la entidad sure\u00f1a.<\/p>\n\n\n\n<figure class=\"wp-block-image size-full\"><img decoding=\"async\" width=\"959\" height=\"613\" src=\"https:\/\/entretormentas.com\/wp-content\/uploads\/2025\/06\/MUROGF3.jpg\" alt=\"\" class=\"wp-image-17542\" srcset=\"https:\/\/entretormentas.com\/wp-content\/uploads\/2025\/06\/MUROGF3.jpg 959w, https:\/\/entretormentas.com\/wp-content\/uploads\/2025\/06\/MUROGF3-300x192.jpg 300w, https:\/\/entretormentas.com\/wp-content\/uploads\/2025\/06\/MUROGF3-768x491.jpg 768w\" sizes=\"(max-width: 959px) 100vw, 959px\" \/><\/figure>\n\n\n\n<p>Record\u00f3 que durante la gesti\u00f3n del gobernador Manuel Rosales, la vialidad del barrio Milagro Sur, fue recuperada en su totalidad y ahora \u00abnosotros como gobierno responsable estamos haciendo la extensi\u00f3n para conectar estas v\u00edas de comunicaci\u00f3n con varios sectores del municipio\u00bb apunt\u00f3.<\/p>\n\n\n\n<p>El mandatario municipal contin\u00faa trabajando por el bienestar de las comunidades, haciendo grandes esfuerzos humanos y financieros, para la concreci\u00f3n de obras y proyectos que se mantuvieron en el olvido por administraciones anteriores.<br><strong><em>ET \/ Alcald\u00eda de San Francisco<\/em><\/strong><\/p>\n","protected":false},"excerpt":{"rendered":"<p>ENTRE TORMENTAS. Este mi\u00e9rcoles, el alcalde del municipio San Francisco, Gustavo Fern\u00e1ndez, junto a los&#8230;<\/p>\n","protected":false},"author":2,"featured_media":17543,"comment_status":"closed","ping_status":"open","sticky":false,"template":"","format":"standard","meta":{"footnotes":""},"categories":[57,1],"tags":[],"class_list":["post-17540","post","type-post","status-publish","format-standard","has-post-thumbnail","hentry","category-actualidad","category-regionales"],"_links":{"self":[{"href":"https:\/\/entretormentas.com\/index.php?rest_route=\/wp\/v2\/posts\/17540","targetHints":{"allow":["GET"]}}],"collection":[{"href":"https:\/\/entretormentas.com\/index.php?rest_route=\/wp\/v2\/posts"}],"about":[{"href":"https:\/\/entretormentas.com\/index.php?rest_route=\/wp\/v2\/types\/post"}],"author":[{"embeddable":true,"href":"https:\/\/entretormentas.com\/index.php?rest_route=\/wp\/v2\/users\/2"}],"replies":[{"embeddable":true,"href":"https:\/\/entretormentas.com\/index.php?rest_route=%2Fwp%2Fv2%2Fcomments&post=17540"}],"version-history":[{"count":1,"href":"https:\/\/entretormentas.com\/index.php?rest_route=\/wp\/v2\/posts\/17540\/revisions"}],"predecessor-version":[{"id":17544,"href":"https:\/\/entretormentas.com\/index.php?rest_route=\/wp\/v2\/posts\/17540\/revisions\/17544"}],"wp:featuredmedia":[{"embeddable":true,"href":"https:\/\/entretormentas.com\/index.php?rest_route=\/wp\/v2\/media\/17543"}],"wp:attachment":[{"href":"https:\/\/entretormentas.com\/index.php?rest_route=%2Fwp%2Fv2%2Fmedia&parent=17540"}],"wp:term":[{"taxonomy":"category","embeddable":true,"href":"https:\/\/entretormentas.com\/index.php?rest_route=%2Fwp%2Fv2%2Fcategories&post=17540"},{"taxonomy":"post_tag","embeddable":true,"href":"https:\/\/entretormentas.com\/index.php?rest_route=%2Fwp%2Fv2%2Ftags&post=17540"}],"curies":[{"name":"wp","href":"https:\/\/api.w.org\/{rel}","templated":true}]}}