{"id":17545,"date":"2025-06-05T17:00:09","date_gmt":"2025-06-05T15:00:09","guid":{"rendered":"https:\/\/entretormentas.com\/?p=17545"},"modified":"2025-06-05T17:01:02","modified_gmt":"2025-06-05T15:01:02","slug":"gobernador-electo-activo-luis-caldera-arranca-plan-cayapa-en-el-hospital-binacional-de-paraguaipoa","status":"publish","type":"post","link":"https:\/\/entretormentas.com\/gobernador-electo-activo-luis-caldera-arranca-plan-cayapa-en-el-hospital-binacional-de-paraguaipoa\/","title":{"rendered":"\u00a1GOBERNADOR ELECTO ACTIVO! Luis Caldera Arranca Plan Cayapa en el Hospital Binacional de Paraguaipoa"},"content":{"rendered":"\n<p><strong>ENTRE TORMENTAS. <\/strong>El Hospital Binacional de Paraguaipoa Dr. Jos\u00e9 Leonardo Hern\u00e1ndez, ubicado en la Guajira venezolana, arranc\u00f3, de la mano del gobernador electo del estado Zulia, Ing. Luis Caldera, el Plan Cayapa de la Salud, el cual, hasta la fecha y en menos de 10 d\u00edas se ha instalado en cinco dependencias hospitalarias, cumpliendo con el compromiso de atender con prioridad el sector sanitario.<\/p>\n\n\n\n<p>\u201cAsumimos en esta ruta de buena voluntad, soluciones para los zulianos y las zulianas. Este es el quinto hospital que hemos recorrido en el estado zulia, para garantizar una atenci\u00f3n de calidad, gratuita e integral para todas y todos y, sobre todo, para mis paisanos y paisanas\u201d, indic\u00f3 el gobernador Caldera durante el recorrido por el centro de salud binacional.<\/p>\n\n\n\n<figure class=\"wp-block-image size-large\"><img fetchpriority=\"high\" decoding=\"async\" width=\"1024\" height=\"683\" src=\"https:\/\/entretormentas.com\/wp-content\/uploads\/2025\/06\/PARAGUALC2-1024x683.jpg\" alt=\"\" class=\"wp-image-17546\" srcset=\"https:\/\/entretormentas.com\/wp-content\/uploads\/2025\/06\/PARAGUALC2-1024x683.jpg 1024w, https:\/\/entretormentas.com\/wp-content\/uploads\/2025\/06\/PARAGUALC2-300x200.jpg 300w, https:\/\/entretormentas.com\/wp-content\/uploads\/2025\/06\/PARAGUALC2-768x512.jpg 768w, https:\/\/entretormentas.com\/wp-content\/uploads\/2025\/06\/PARAGUALC2.jpg 1280w\" sizes=\"(max-width: 1024px) 100vw, 1024px\" \/><\/figure>\n\n\n\n<p>Caldera, quien mientras espera el proceso de transici\u00f3n y juramentaci\u00f3n como mandatario regional adelanta su plan de gobierno para la entidad zuliana, junto a dependencias del Gobierno Nacional, expres\u00f3 que el Hospital Binacional de Paraguaipoa ser\u00e1 centro piloto de la transformaci\u00f3n de la salud.<\/p>\n\n\n\n<p>\u201cVengo a ponerme al frente del municipio guajira, a darle mi mano, a dar mi cara, mi coraz\u00f3n, as\u00ed como ellos lo hicieron el 25 de mayo. Aqu\u00ed est\u00e1 su gobernador atendiendo\u201d, afirm\u00f3.<\/p>\n\n\n\n<p>El director del recinto hospitalario binacional, Jos\u00e9 Domingo Gonz\u00e1lez, explic\u00f3 que el equipo de salud plante\u00f3 a Caldera las necesidades de la instituci\u00f3n, situada en la frontera, donde atienden a m\u00e1s de 24 mil pacientes way\u00fau y a\u00f1\u00fa. \u201cNuestro hospital es muy necesario para nuestro pueblo, para toda la colectividad de la Guajira\u201d, dijo.<\/p>\n\n\n\n<figure class=\"wp-block-image size-large\"><img decoding=\"async\" width=\"1024\" height=\"683\" src=\"https:\/\/entretormentas.com\/wp-content\/uploads\/2025\/06\/PARAGUALC3-1024x683.jpg\" alt=\"\" class=\"wp-image-17547\" srcset=\"https:\/\/entretormentas.com\/wp-content\/uploads\/2025\/06\/PARAGUALC3-1024x683.jpg 1024w, https:\/\/entretormentas.com\/wp-content\/uploads\/2025\/06\/PARAGUALC3-300x200.jpg 300w, https:\/\/entretormentas.com\/wp-content\/uploads\/2025\/06\/PARAGUALC3-768x512.jpg 768w, https:\/\/entretormentas.com\/wp-content\/uploads\/2025\/06\/PARAGUALC3.jpg 1280w\" sizes=\"(max-width: 1024px) 100vw, 1024px\" \/><\/figure>\n\n\n\n<p>Por su parte, el enfermero especialista en cuidados intensivos, Jos\u00e9 Gonz\u00e1lez, manifest\u00f3 la confianza del personal que labora en la instituci\u00f3n, de que el gobernador rehabilitar\u00e1 y optimizar\u00e1 los servicios para los habitantes de los pueblos y comunidades ind\u00edgenas, que no tienen mucha opci\u00f3n de llegar a hospitales ubicados en Mara o en Maracaibo, por lo lejano.<\/p>\n\n\n\n<p>La vocera del Consejo Comunal Marichein, Mar\u00eda Garc\u00eda, destac\u00f3 esta avanzada en el plan de gobierno de Caldera, quien, apunt\u00f3, \u201cva a hacer de este un hospital modelo y digno, donde reciban todas las atenciones especializadas los habitantes de Guajira\u201d.<br><strong><em>ET \/ Nota de Prensa<\/em><\/strong><\/p>\n\n\n\n<p><\/p>\n","protected":false},"excerpt":{"rendered":"<p>ENTRE TORMENTAS. El Hospital Binacional de Paraguaipoa Dr. Jos\u00e9 Leonardo Hern\u00e1ndez, ubicado en la Guajira&#8230;<\/p>\n","protected":false},"author":2,"featured_media":17549,"comment_status":"closed","ping_status":"open","sticky":false,"template":"","format":"standard","meta":{"footnotes":""},"categories":[57,1],"tags":[],"class_list":["post-17545","post","type-post","status-publish","format-standard","has-post-thumbnail","hentry","category-actualidad","category-regionales"],"_links":{"self":[{"href":"https:\/\/entretormentas.com\/index.php?rest_route=\/wp\/v2\/posts\/17545","targetHints":{"allow":["GET"]}}],"collection":[{"href":"https:\/\/entretormentas.com\/index.php?rest_route=\/wp\/v2\/posts"}],"about":[{"href":"https:\/\/entretormentas.com\/index.php?rest_route=\/wp\/v2\/types\/post"}],"author":[{"embeddable":true,"href":"https:\/\/entretormentas.com\/index.php?rest_route=\/wp\/v2\/users\/2"}],"replies":[{"embeddable":true,"href":"https:\/\/entretormentas.com\/index.php?rest_route=%2Fwp%2Fv2%2Fcomments&post=17545"}],"version-history":[{"count":1,"href":"https:\/\/entretormentas.com\/index.php?rest_route=\/wp\/v2\/posts\/17545\/revisions"}],"predecessor-version":[{"id":17548,"href":"https:\/\/entretormentas.com\/index.php?rest_route=\/wp\/v2\/posts\/17545\/revisions\/17548"}],"wp:featuredmedia":[{"embeddable":true,"href":"https:\/\/entretormentas.com\/index.php?rest_route=\/wp\/v2\/media\/17549"}],"wp:attachment":[{"href":"https:\/\/entretormentas.com\/index.php?rest_route=%2Fwp%2Fv2%2Fmedia&parent=17545"}],"wp:term":[{"taxonomy":"category","embeddable":true,"href":"https:\/\/entretormentas.com\/index.php?rest_route=%2Fwp%2Fv2%2Fcategories&post=17545"},{"taxonomy":"post_tag","embeddable":true,"href":"https:\/\/entretormentas.com\/index.php?rest_route=%2Fwp%2Fv2%2Ftags&post=17545"}],"curies":[{"name":"wp","href":"https:\/\/api.w.org\/{rel}","templated":true}]}}