{"id":17560,"date":"2025-06-05T17:13:59","date_gmt":"2025-06-05T15:13:59","guid":{"rendered":"https:\/\/entretormentas.com\/?p=17560"},"modified":"2025-06-05T17:14:00","modified_gmt":"2025-06-05T15:14:00","slug":"incluyendo-a-venezolanos-estados-unidos-restringe-el-viaje-con-visa-de-varios-paises","status":"publish","type":"post","link":"https:\/\/entretormentas.com\/incluyendo-a-venezolanos-estados-unidos-restringe-el-viaje-con-visa-de-varios-paises\/","title":{"rendered":"\u00a1INCLUYENDO A VENEZOLANOS! Estados Unidos restringe el viaje con visa de varios pa\u00edses"},"content":{"rendered":"\n<p><strong>ENTRE TORMENTAS. <\/strong>El presidente de Estados Unidos, Donald Trump, firm\u00f3 una proclamaci\u00f3n el mi\u00e9rcoles por la noche para prohibir los viajes desde varios pa\u00edses, citando riesgos de seguridad.<\/p>\n\n\n\n<p>Seg\u00fan el comunicado de prensa de la Casa Blanca, se aplic\u00f3 restricciones parciales a Burundi, Cuba, Laos, Sierra Leona, Togo, Turkmenist\u00e1n y Venezuela, que limitan las visas de inmigrantes y no inmigrantes (B-1, B-2, B-1\/B-2, F, M, J) debido en general a las altas tasas de permanencia excesiva o a la insuficiente colaboraci\u00f3n de las fuerzas del orden.<\/p>\n\n\n\n<figure class=\"wp-block-image size-large\"><img fetchpriority=\"high\" decoding=\"async\" width=\"1024\" height=\"688\" src=\"https:\/\/entretormentas.com\/wp-content\/uploads\/2025\/06\/VISA2-1024x688.jpg\" alt=\"\" class=\"wp-image-17561\" srcset=\"https:\/\/entretormentas.com\/wp-content\/uploads\/2025\/06\/VISA2-1024x688.jpg 1024w, https:\/\/entretormentas.com\/wp-content\/uploads\/2025\/06\/VISA2-300x202.jpg 300w, https:\/\/entretormentas.com\/wp-content\/uploads\/2025\/06\/VISA2-768x516.jpg 768w, https:\/\/entretormentas.com\/wp-content\/uploads\/2025\/06\/VISA2.jpg 1080w\" sizes=\"(max-width: 1024px) 100vw, 1024px\" \/><\/figure>\n\n\n\n<p>Los alcances de esta decisi\u00f3n afectan a los venezolanos con visados de turismo y negocios, as\u00ed como estudiantes de intercambio cultural, seg\u00fan indica el documento oficial de la decisi\u00f3n gubernamental.<\/p>\n\n\n\n<p>Dicha proclamaci\u00f3n restringe completamente la entrada desde Afganist\u00e1n, Birmania (Myanmar), Chad, Rep\u00fablica del Congo, Guinea Ecuatorial, Eritrea, Hait\u00ed, Ir\u00e1n, Libia, Somalia, Sud\u00e1n y Yemen, identificados como de \u201cmuy alto riesgo\u201d debido a controles inadecuados, v\u00ednculos con el terrorismo o falta de cooperaci\u00f3n con las autoridades migratorias de Estados Unidos.<\/p>\n\n\n\n<figure class=\"wp-block-image size-full\"><img decoding=\"async\" width=\"768\" height=\"499\" src=\"https:\/\/entretormentas.com\/wp-content\/uploads\/2025\/06\/VISA3.jpg\" alt=\"\" class=\"wp-image-17562\" srcset=\"https:\/\/entretormentas.com\/wp-content\/uploads\/2025\/06\/VISA3.jpg 768w, https:\/\/entretormentas.com\/wp-content\/uploads\/2025\/06\/VISA3-300x195.jpg 300w\" sizes=\"(max-width: 768px) 100vw, 768px\" \/><\/figure>\n\n\n\n<p>La Casa Blanca justific\u00f3 las restricciones alegando el control talib\u00e1n en Afganist\u00e1n, el terrorismo de Estado de Ir\u00e1n y Cuba, y la afluencia de migrantes ilegales a Hait\u00ed durante el gobierno de Biden. Pa\u00edses como Chad (49.54 % de personas que sobrepasan la duraci\u00f3n de su visa B1\/B2) y Eritrea (55.43 % de personas que sobrepasan la duraci\u00f3n de su visa F\/M\/J) fueron se\u00f1alados por incumplir las leyes de inmigraci\u00f3n estadounidenses, rese\u00f1a La Opini\u00f3n.<\/p>\n\n\n\n<p>El presidente tom\u00f3 la decisi\u00f3n final sobre la firma de esta proclamaci\u00f3n tras el ataque antisemita en Boulder, Colorado, seg\u00fan un funcionario de la Casa Blanca. Lo estaba considerando de antemano, pero el ataque del domingo la aceler\u00f3.<\/p>\n\n\n\n<p>La proclamaci\u00f3n incluye excepciones para residentes permanentes legales, titulares de visas existentes, ciertas categor\u00edas de visas e individuos cuyo ingreso sirve a los intereses nacionales de Estados Unidos.<br><strong><em>ET \/ Agencias<\/em><\/strong><\/p>\n\n\n\n<p><\/p>\n","protected":false},"excerpt":{"rendered":"<p>ENTRE TORMENTAS. El presidente de Estados Unidos, Donald Trump, firm\u00f3 una proclamaci\u00f3n el mi\u00e9rcoles por&#8230;<\/p>\n","protected":false},"author":2,"featured_media":17563,"comment_status":"closed","ping_status":"open","sticky":false,"template":"","format":"standard","meta":{"footnotes":""},"categories":[56,48],"tags":[],"class_list":["post-17560","post","type-post","status-publish","format-standard","has-post-thumbnail","hentry","category-destacadas","category-internacionales"],"_links":{"self":[{"href":"https:\/\/entretormentas.com\/index.php?rest_route=\/wp\/v2\/posts\/17560","targetHints":{"allow":["GET"]}}],"collection":[{"href":"https:\/\/entretormentas.com\/index.php?rest_route=\/wp\/v2\/posts"}],"about":[{"href":"https:\/\/entretormentas.com\/index.php?rest_route=\/wp\/v2\/types\/post"}],"author":[{"embeddable":true,"href":"https:\/\/entretormentas.com\/index.php?rest_route=\/wp\/v2\/users\/2"}],"replies":[{"embeddable":true,"href":"https:\/\/entretormentas.com\/index.php?rest_route=%2Fwp%2Fv2%2Fcomments&post=17560"}],"version-history":[{"count":1,"href":"https:\/\/entretormentas.com\/index.php?rest_route=\/wp\/v2\/posts\/17560\/revisions"}],"predecessor-version":[{"id":17564,"href":"https:\/\/entretormentas.com\/index.php?rest_route=\/wp\/v2\/posts\/17560\/revisions\/17564"}],"wp:featuredmedia":[{"embeddable":true,"href":"https:\/\/entretormentas.com\/index.php?rest_route=\/wp\/v2\/media\/17563"}],"wp:attachment":[{"href":"https:\/\/entretormentas.com\/index.php?rest_route=%2Fwp%2Fv2%2Fmedia&parent=17560"}],"wp:term":[{"taxonomy":"category","embeddable":true,"href":"https:\/\/entretormentas.com\/index.php?rest_route=%2Fwp%2Fv2%2Fcategories&post=17560"},{"taxonomy":"post_tag","embeddable":true,"href":"https:\/\/entretormentas.com\/index.php?rest_route=%2Fwp%2Fv2%2Ftags&post=17560"}],"curies":[{"name":"wp","href":"https:\/\/api.w.org\/{rel}","templated":true}]}}