{"id":17570,"date":"2025-06-05T17:25:40","date_gmt":"2025-06-05T15:25:40","guid":{"rendered":"https:\/\/entretormentas.com\/?p=17570"},"modified":"2025-06-05T17:25:41","modified_gmt":"2025-06-05T15:25:41","slug":"a-ponerse-las-alpargatas-cne-convoca-a-elecciones-de-alcaldes-para-el-venidero-27-de-julio","status":"publish","type":"post","link":"https:\/\/entretormentas.com\/a-ponerse-las-alpargatas-cne-convoca-a-elecciones-de-alcaldes-para-el-venidero-27-de-julio\/","title":{"rendered":"\u00a1A PONERSE LAS ALPARGATAS! CNE convoca a elecciones de alcaldes para el venidero 27 de julio"},"content":{"rendered":"\n<p><strong>ENTRE TORMENTAS.<\/strong> En horas e la tarde de este mi\u00e9rcoles 4 de junio, el Consejo Nacional Electoral (CNE) anunci\u00f3 que el venidero domingo 27 de julio ser\u00e1n las elecciones para elegir a los alcaldes y concejales de los diferentes municipios que hay en Venezuela.<\/p>\n\n\n\n<p>En la nueva convocatoria de las elecciones municipales se elegir\u00e1n a los alcaldes de las 335 jurisdicciones del pa\u00eds.<\/p>\n\n\n\n<figure class=\"wp-block-image size-full\"><img fetchpriority=\"high\" decoding=\"async\" width=\"640\" height=\"360\" src=\"https:\/\/entretormentas.com\/wp-content\/uploads\/2025\/06\/CNEALCALDES2.jpg\" alt=\"\" class=\"wp-image-17571\" srcset=\"https:\/\/entretormentas.com\/wp-content\/uploads\/2025\/06\/CNEALCALDES2.jpg 640w, https:\/\/entretormentas.com\/wp-content\/uploads\/2025\/06\/CNEALCALDES2-300x169.jpg 300w\" sizes=\"(max-width: 640px) 100vw, 640px\" \/><\/figure>\n\n\n\n<p>Durante una rueda de prensa realizada en el organismo comicial, Elvis Amoroso, presidente del CNE, detall\u00f3 que las postulaciones a los diferentes cargos municipales se llevar\u00e1n a cabo entre el 9 y 13 de junio. Adem\u00e1s que la campa\u00f1a electoral se desarrollar\u00e1 entre el 11 y el 24 de julio. Tambi\u00e9n agreg\u00f3 que el 3 de agosto se elegir\u00e1 la representaci\u00f3n ind\u00edgena.<\/p>\n\n\n\n<p>En este proceso se utilizar\u00e1 el Corte del Registro Electoral (RE) del 4 de junio, cuya aprobaci\u00f3n definitiva ser\u00e1 el 9 de junio.<\/p>\n\n\n\n<p>El anuncio se produce cuando ha transcurrido poco m\u00e1s de una semana despu\u00e9s de la realizaci\u00f3n de las elecciones regionales y parlamentarias del 25 de mayo y donde el mapa pol\u00edtico se ti\u00f1\u00f3 de rojo al ganar todos los estados del pa\u00eds a excepci\u00f3n de Cojedes.<br><strong><em>ET \/ Agencias<\/em><\/strong><\/p>\n\n\n\n<p><\/p>\n","protected":false},"excerpt":{"rendered":"<p>ENTRE TORMENTAS. En horas e la tarde de este mi\u00e9rcoles 4 de junio, el Consejo&#8230;<\/p>\n","protected":false},"author":2,"featured_media":17572,"comment_status":"closed","ping_status":"open","sticky":false,"template":"","format":"standard","meta":{"footnotes":""},"categories":[56,49],"tags":[],"class_list":["post-17570","post","type-post","status-publish","format-standard","has-post-thumbnail","hentry","category-destacadas","category-nacionales"],"_links":{"self":[{"href":"https:\/\/entretormentas.com\/index.php?rest_route=\/wp\/v2\/posts\/17570","targetHints":{"allow":["GET"]}}],"collection":[{"href":"https:\/\/entretormentas.com\/index.php?rest_route=\/wp\/v2\/posts"}],"about":[{"href":"https:\/\/entretormentas.com\/index.php?rest_route=\/wp\/v2\/types\/post"}],"author":[{"embeddable":true,"href":"https:\/\/entretormentas.com\/index.php?rest_route=\/wp\/v2\/users\/2"}],"replies":[{"embeddable":true,"href":"https:\/\/entretormentas.com\/index.php?rest_route=%2Fwp%2Fv2%2Fcomments&post=17570"}],"version-history":[{"count":1,"href":"https:\/\/entretormentas.com\/index.php?rest_route=\/wp\/v2\/posts\/17570\/revisions"}],"predecessor-version":[{"id":17573,"href":"https:\/\/entretormentas.com\/index.php?rest_route=\/wp\/v2\/posts\/17570\/revisions\/17573"}],"wp:featuredmedia":[{"embeddable":true,"href":"https:\/\/entretormentas.com\/index.php?rest_route=\/wp\/v2\/media\/17572"}],"wp:attachment":[{"href":"https:\/\/entretormentas.com\/index.php?rest_route=%2Fwp%2Fv2%2Fmedia&parent=17570"}],"wp:term":[{"taxonomy":"category","embeddable":true,"href":"https:\/\/entretormentas.com\/index.php?rest_route=%2Fwp%2Fv2%2Fcategories&post=17570"},{"taxonomy":"post_tag","embeddable":true,"href":"https:\/\/entretormentas.com\/index.php?rest_route=%2Fwp%2Fv2%2Ftags&post=17570"}],"curies":[{"name":"wp","href":"https:\/\/api.w.org\/{rel}","templated":true}]}}