{"id":17574,"date":"2025-06-06T10:02:34","date_gmt":"2025-06-06T08:02:34","guid":{"rendered":"https:\/\/entretormentas.com\/?p=17574"},"modified":"2025-06-06T10:02:35","modified_gmt":"2025-06-06T08:02:35","slug":"proyecto-sadel-siempre-sadel-un-legado-que-forma-talentos-y-celebra-al-tenor-de-venezuela","status":"publish","type":"post","link":"https:\/\/entretormentas.com\/proyecto-sadel-siempre-sadel-un-legado-que-forma-talentos-y-celebra-al-tenor-de-venezuela\/","title":{"rendered":"\u00a1PROYECTO \u00abSADEL SIEMPRE SADEL\u00bb: Un legado que forma talentos y celebra al tenor de Venezuela"},"content":{"rendered":"\n<p><strong>ENTRE TORMENTAS. <\/strong>El Proyecto Cultural y Educativo \u201cSadel, Siempre Sadel\u201d se consolida como una fuerza visionaria en la preservaci\u00f3n y difusi\u00f3n del invaluable legado musical y art\u00edstico de Manuel Alfredo S\u00e1nchez Luna, Alfredo Sadel. M\u00e1s que un evento conmemorativo, esta iniciativa, liderada por un equipo de mujeres profesionales del Zulia, se erige como una plataforma activa para la formaci\u00f3n de nuevos talentos musicales y un faro de inspiraci\u00f3n cultural.<\/p>\n\n\n\n<p>El pr\u00f3ximo domingo 29 de junio, a las 4:00 PM, el Teatro del Centro de Bellas Artes Ateneo de Maracaibo vibrar\u00e1 con el concierto \u00abSadel, Siempre Sadel\u00bb, que conmemora los 36 a\u00f1os de la partida f\u00edsica del artista. El escenario reunir\u00e1 a tres generaciones de int\u00e9rpretes, incluyendo al tenor Jorge Quintero y al bar\u00edtono Ram\u00f3n Chal\u00e1n, junto a 15 cantantes de diversas edades. Poes\u00eda y un emotivo video documental completar\u00e1n esta experiencia multisensorial.<\/p>\n\n\n\n<figure class=\"wp-block-image size-large\"><img fetchpriority=\"high\" decoding=\"async\" width=\"1024\" height=\"683\" src=\"https:\/\/entretormentas.com\/wp-content\/uploads\/2025\/06\/SADEL2-1024x683.jpg\" alt=\"\" class=\"wp-image-17575\" srcset=\"https:\/\/entretormentas.com\/wp-content\/uploads\/2025\/06\/SADEL2-1024x683.jpg 1024w, https:\/\/entretormentas.com\/wp-content\/uploads\/2025\/06\/SADEL2-300x200.jpg 300w, https:\/\/entretormentas.com\/wp-content\/uploads\/2025\/06\/SADEL2-768x512.jpg 768w, https:\/\/entretormentas.com\/wp-content\/uploads\/2025\/06\/SADEL2.jpg 1080w\" sizes=\"(max-width: 1024px) 100vw, 1024px\" \/><\/figure>\n\n\n\n<p><strong>PROYECTO DE FORMACI\u00d3N CULTURAL<\/strong><br>\u00abM\u00e1s que una conmemoraci\u00f3n art\u00edstica, \u2018Sadel, Siempre Sadel\u2019 se constituye como una plataforma activa para la formaci\u00f3n de nuevos talentos musicales\u00bb, afirma Magda Rinc\u00f3n, directora general del proyecto. \u00abNuestro principal objetivo es ofrecer a cantantes \u2014muchos de ellos j\u00f3venes promesas\u2014 una instrucci\u00f3n integral en \u00e1reas clave como canto, t\u00e9cnica vocal, direcci\u00f3n musical e interpretaci\u00f3n. A trav\u00e9s de este proceso, no solo cultivamos habilidades art\u00edsticas, sino que tambi\u00e9n transmitimos el legado de Alfredo Sadel, asegurando que su esp\u00edritu y excelencia perduren en las futuras generaciones\u00bb.<\/p>\n\n\n\n<p>Paralelamente, el equipo trabaja con dedicaci\u00f3n en la solicitud formal para la incorporaci\u00f3n del nombre de Alfredo Sadel en el Paseo de las Estrellas del Teatro Baralt, como un merecido reconocimiento a su extraordinaria contribuci\u00f3n a la cultura venezolana.<\/p>\n\n\n\n<p>El evento del 29 de junio es la culminaci\u00f3n de este esfuerzo de formaci\u00f3n y difusi\u00f3n. La recaudaci\u00f3n del concierto estar\u00e1 destinada a sufragar los gastos operativos de la escuela de formaci\u00f3n musical del proyecto. \u00abCreemos firmemente en la importancia de invertir en la educaci\u00f3n musical y en la preservaci\u00f3n de nuestro patrimonio cultural, un esfuerzo loable de profundo impacto social\u00bb, a\u00f1ade Rinc\u00f3n.<\/p>\n\n\n\n<p>El apoyo de empresas como Marro C.A. subraya la visi\u00f3n de excelencia de la propuesta. \u00abPara Marro C.A., respaldar el proyecto &#8216;Sadel, Siempre Sadel&#8217; significa apostar por la continuidad de un legado que encarna la pasi\u00f3n y el talento venezolano. Nos identificamos profundamente con la dedicaci\u00f3n de este equipo por mantener viva la llama de nuestra cultura a trav\u00e9s de la figura de Alfredo Sadel, un verdadero \u00edcono de autenticidad y excelencia\u00bb, comenta Mirlen Boves, representante de la marca.<\/p>\n\n\n\n<figure class=\"wp-block-image size-large\"><img decoding=\"async\" width=\"1024\" height=\"683\" src=\"https:\/\/entretormentas.com\/wp-content\/uploads\/2025\/06\/SADEL3-1024x683.jpg\" alt=\"\" class=\"wp-image-17576\" srcset=\"https:\/\/entretormentas.com\/wp-content\/uploads\/2025\/06\/SADEL3-1024x683.jpg 1024w, https:\/\/entretormentas.com\/wp-content\/uploads\/2025\/06\/SADEL3-300x200.jpg 300w, https:\/\/entretormentas.com\/wp-content\/uploads\/2025\/06\/SADEL3-768x512.jpg 768w, https:\/\/entretormentas.com\/wp-content\/uploads\/2025\/06\/SADEL3.jpg 1080w\" sizes=\"(max-width: 1024px) 100vw, 1024px\" \/><\/figure>\n\n\n\n<p><strong>GANA ENTRADAS AL CONCIERTO<\/strong><br>Para celebrar este homenaje, @marro.tienda y @marro.eventos han lanzado un emocionante concurso. Los seguidores podr\u00e1n ganar un par de entradas para el concierto \u00abSadel, Siempre Sadel\u00bb. Los pasos para participar son los siguientes:<br>-Seguir las cuentas en Instagram: @marro.tienda y @marro.eventos.<br>-Darle like o me gusta a la publicaci\u00f3n del concurso.<br>-Mencionar en los comentarios de la publicaci\u00f3n del concurso, a esos amigos(as) especiales con quien te gustar\u00eda disfrutar de este homenaje, usando el hashtag #SadelSiempreSadel.<\/p>\n\n\n\n<p>El concurso estar\u00e1 activo hasta el s\u00e1bado 14 de junio a las 11:59 p.m., y el sorteo se realizar\u00e1 el domingo 15 de junio, anunciando al ganador a trav\u00e9s de las historias y una publicaci\u00f3n en las cuentas mencionadas.<\/p>\n\n\n\n<p>Alfredo Sadel, con su vasta trayectoria, m\u00e1s de un centenar de discos y un repertorio que supera el millar de canciones, sigue siendo un referente. \u00abEste evento no busca simplemente rememorar el pasado, sino mantener vivo y palpitante el legado del tenor favorito de Venezuela\u00bb, coment\u00f3 una de las productoras.<\/p>\n\n\n\n<p>Las entradas para \u00abSadel, Siempre Sadel\u00bb tambi\u00e9n est\u00e1n disponibles para la venta a trav\u00e9s de la cuenta @marro.eventos en Instagram.<br><strong><em>ET \/ Nota de Prensa<\/em><\/strong><\/p>\n\n\n\n<p><\/p>\n","protected":false},"excerpt":{"rendered":"<p>ENTRE TORMENTAS. El Proyecto Cultural y Educativo \u201cSadel, Siempre Sadel\u201d se consolida como una fuerza&#8230;<\/p>\n","protected":false},"author":2,"featured_media":17577,"comment_status":"closed","ping_status":"open","sticky":false,"template":"","format":"standard","meta":{"footnotes":""},"categories":[57,1],"tags":[],"class_list":["post-17574","post","type-post","status-publish","format-standard","has-post-thumbnail","hentry","category-actualidad","category-regionales"],"_links":{"self":[{"href":"https:\/\/entretormentas.com\/index.php?rest_route=\/wp\/v2\/posts\/17574","targetHints":{"allow":["GET"]}}],"collection":[{"href":"https:\/\/entretormentas.com\/index.php?rest_route=\/wp\/v2\/posts"}],"about":[{"href":"https:\/\/entretormentas.com\/index.php?rest_route=\/wp\/v2\/types\/post"}],"author":[{"embeddable":true,"href":"https:\/\/entretormentas.com\/index.php?rest_route=\/wp\/v2\/users\/2"}],"replies":[{"embeddable":true,"href":"https:\/\/entretormentas.com\/index.php?rest_route=%2Fwp%2Fv2%2Fcomments&post=17574"}],"version-history":[{"count":1,"href":"https:\/\/entretormentas.com\/index.php?rest_route=\/wp\/v2\/posts\/17574\/revisions"}],"predecessor-version":[{"id":17578,"href":"https:\/\/entretormentas.com\/index.php?rest_route=\/wp\/v2\/posts\/17574\/revisions\/17578"}],"wp:featuredmedia":[{"embeddable":true,"href":"https:\/\/entretormentas.com\/index.php?rest_route=\/wp\/v2\/media\/17577"}],"wp:attachment":[{"href":"https:\/\/entretormentas.com\/index.php?rest_route=%2Fwp%2Fv2%2Fmedia&parent=17574"}],"wp:term":[{"taxonomy":"category","embeddable":true,"href":"https:\/\/entretormentas.com\/index.php?rest_route=%2Fwp%2Fv2%2Fcategories&post=17574"},{"taxonomy":"post_tag","embeddable":true,"href":"https:\/\/entretormentas.com\/index.php?rest_route=%2Fwp%2Fv2%2Ftags&post=17574"}],"curies":[{"name":"wp","href":"https:\/\/api.w.org\/{rel}","templated":true}]}}