{"id":17579,"date":"2025-06-06T10:06:36","date_gmt":"2025-06-06T08:06:36","guid":{"rendered":"https:\/\/entretormentas.com\/?p=17579"},"modified":"2025-06-06T10:06:37","modified_gmt":"2025-06-06T08:06:37","slug":"en-el-zulia-armada-bolivariana-conmemora-202-anos-del-forzamiento-de-la-barra","status":"publish","type":"post","link":"https:\/\/entretormentas.com\/en-el-zulia-armada-bolivariana-conmemora-202-anos-del-forzamiento-de-la-barra\/","title":{"rendered":"\u00a1EN EL ZULIA! Armada Bolivariana conmemora 202 a\u00f1os del Forzamiento de la Barra"},"content":{"rendered":"\n<p><strong>ENTRE TORMENTAS.<\/strong> Frente al Monumento Bicentenario de la Batalla Naval del Lago, ubicado en la Vereda del Lago, el comandante general de la Armada Bolivariana, Almirante Ashraf Suleiman Guti\u00e9rrez y gobernador electo del estado Zulia, Luis Caldera, participaron en los actos conmemorativos de los 202 a\u00f1os del Forzamiento de la Barra, evento que permiti\u00f3 a los patriotas entrar al lago y enfrentarse a la flota realista en la cruzada que sell\u00f3 la Independencia de Venezuela.<\/p>\n\n\n\n<p>En el acto el jefe militar y el reci\u00e9n electo mandatario regional, junto al alto mando de la Fuerza Armada Nacional Bolivariana (Fanb), acantonada en la entidad zuliana, rindieron honores e hicieron una ofrenda floral a los h\u00e9roes que participaron en el Forzamiento de la Barra y en la Batalla Naval del Lago en 1.823.<\/p>\n\n\n\n<figure class=\"wp-block-image size-large\"><img fetchpriority=\"high\" decoding=\"async\" width=\"1024\" height=\"576\" src=\"https:\/\/entretormentas.com\/wp-content\/uploads\/2025\/06\/ARMADA2-1024x576.jpg\" alt=\"\" class=\"wp-image-17580\" srcset=\"https:\/\/entretormentas.com\/wp-content\/uploads\/2025\/06\/ARMADA2-1024x576.jpg 1024w, https:\/\/entretormentas.com\/wp-content\/uploads\/2025\/06\/ARMADA2-300x169.jpg 300w, https:\/\/entretormentas.com\/wp-content\/uploads\/2025\/06\/ARMADA2-768x432.jpg 768w, https:\/\/entretormentas.com\/wp-content\/uploads\/2025\/06\/ARMADA2.jpg 1280w\" sizes=\"(max-width: 1024px) 100vw, 1024px\" \/><\/figure>\n\n\n\n<p>El Almirante Suleiman Guti\u00e9rrez, destac\u00f3 la importancia de recordar la historia de Venezuela y las ra\u00edces de la gesta emancipadora que consolid\u00f3 la independencia y soberan\u00eda del pa\u00eds, la cual la Fanb lucha cada d\u00eda por mantener.<\/p>\n\n\n\n<p>\u201cLos venezolanos seguimos enfrentados a un imperio, que hoy en d\u00eda no es el espa\u00f1ol, sino el norteamericano, que, a trav\u00e9s de una guerra cognitiva, una guerra econ\u00f3mica, ha tratado de poner de rodillas al pueblo venezolano, pero no conocen nuestra historia, de lo que somos capaces, no conocen la estirpe de los venezolanos\u201d, expres\u00f3.<\/p>\n\n\n\n<p>Acompa\u00f1ando con orgullo patrio esta conmemoraci\u00f3n, como \u00e9l mismo lo manifest\u00f3, el gobernador Caldera resalt\u00f3 que esos mismos vientos de libertad y de soberan\u00eda se reafirman hoy en los 21 municipios de la entidad.<\/p>\n\n\n\n<figure class=\"wp-block-image size-large\"><img decoding=\"async\" width=\"1024\" height=\"625\" src=\"https:\/\/entretormentas.com\/wp-content\/uploads\/2025\/06\/ARMADA3-1024x625.jpg\" alt=\"\" class=\"wp-image-17581\" srcset=\"https:\/\/entretormentas.com\/wp-content\/uploads\/2025\/06\/ARMADA3-1024x625.jpg 1024w, https:\/\/entretormentas.com\/wp-content\/uploads\/2025\/06\/ARMADA3-300x183.jpg 300w, https:\/\/entretormentas.com\/wp-content\/uploads\/2025\/06\/ARMADA3-768x469.jpg 768w, https:\/\/entretormentas.com\/wp-content\/uploads\/2025\/06\/ARMADA3.jpg 1280w\" sizes=\"(max-width: 1024px) 100vw, 1024px\" \/><\/figure>\n\n\n\n<p>\u201cCon orgullo patrio, con orgullo regional, con alta dignidad acompa\u00f1amos al Comandante General de la Armada Bolivariana y a toda la Fuerza Armada Nacional en esta celebraci\u00f3n del Forzamiento de la Barra donde el Zulia sell\u00f3 la independencia de la patria con la Batalla Naval del Lago. Esos mismos vientos de libertad y de soberan\u00eda, hoy se reafirman en los 21 municipios de esta entidad\u201d, resalt\u00f3 el mandatario regional.<\/p>\n\n\n\n<p>Envi\u00f3 al presidente Nicol\u00e1s Maduro un mensaje destacando la perfecta uni\u00f3n c\u00edvico militar, para garantizar la paz y la soberan\u00eda: \u201cDesde aqu\u00ed, como Urdaneta, como Ana Mar\u00eda Campos y Domitila Flores le enviamos un mensaje a nuestro Comandante en Jefe presidente Nicol\u00e1s Maduro, de filial unidad, pero sobre todo de perfecci\u00f3n para el buen vivir con las 7Transformaciones. Aqu\u00ed est\u00e1 este pueblo de pie, con dignidad, con las glorias de Urdaneta al frente de la Patria\u201d.<br><strong><em>ET \/ Nota de Prensa<\/em><\/strong><\/p>\n\n\n\n<p><\/p>\n","protected":false},"excerpt":{"rendered":"<p>ENTRE TORMENTAS. Frente al Monumento Bicentenario de la Batalla Naval del Lago, ubicado en la&#8230;<\/p>\n","protected":false},"author":2,"featured_media":17582,"comment_status":"closed","ping_status":"open","sticky":false,"template":"","format":"standard","meta":{"footnotes":""},"categories":[57,1],"tags":[],"class_list":["post-17579","post","type-post","status-publish","format-standard","has-post-thumbnail","hentry","category-actualidad","category-regionales"],"_links":{"self":[{"href":"https:\/\/entretormentas.com\/index.php?rest_route=\/wp\/v2\/posts\/17579","targetHints":{"allow":["GET"]}}],"collection":[{"href":"https:\/\/entretormentas.com\/index.php?rest_route=\/wp\/v2\/posts"}],"about":[{"href":"https:\/\/entretormentas.com\/index.php?rest_route=\/wp\/v2\/types\/post"}],"author":[{"embeddable":true,"href":"https:\/\/entretormentas.com\/index.php?rest_route=\/wp\/v2\/users\/2"}],"replies":[{"embeddable":true,"href":"https:\/\/entretormentas.com\/index.php?rest_route=%2Fwp%2Fv2%2Fcomments&post=17579"}],"version-history":[{"count":1,"href":"https:\/\/entretormentas.com\/index.php?rest_route=\/wp\/v2\/posts\/17579\/revisions"}],"predecessor-version":[{"id":17583,"href":"https:\/\/entretormentas.com\/index.php?rest_route=\/wp\/v2\/posts\/17579\/revisions\/17583"}],"wp:featuredmedia":[{"embeddable":true,"href":"https:\/\/entretormentas.com\/index.php?rest_route=\/wp\/v2\/media\/17582"}],"wp:attachment":[{"href":"https:\/\/entretormentas.com\/index.php?rest_route=%2Fwp%2Fv2%2Fmedia&parent=17579"}],"wp:term":[{"taxonomy":"category","embeddable":true,"href":"https:\/\/entretormentas.com\/index.php?rest_route=%2Fwp%2Fv2%2Fcategories&post=17579"},{"taxonomy":"post_tag","embeddable":true,"href":"https:\/\/entretormentas.com\/index.php?rest_route=%2Fwp%2Fv2%2Ftags&post=17579"}],"curies":[{"name":"wp","href":"https:\/\/api.w.org\/{rel}","templated":true}]}}