{"id":17584,"date":"2025-06-06T10:11:48","date_gmt":"2025-06-06T08:11:48","guid":{"rendered":"https:\/\/entretormentas.com\/?p=17584"},"modified":"2025-06-06T10:11:49","modified_gmt":"2025-06-06T08:11:49","slug":"desde-el-clez-aprueban-en-el-zulia-la-primera-ley-de-deberes-humanos-en-venezuela","status":"publish","type":"post","link":"https:\/\/entretormentas.com\/desde-el-clez-aprueban-en-el-zulia-la-primera-ley-de-deberes-humanos-en-venezuela\/","title":{"rendered":"\u00a1DESDE EL CLEZ! \u200eAprueban en el Zulia la primera Ley de Deberes Humanos en Venezuela"},"content":{"rendered":"\n<p><br>\u200e<strong>ENTRE TORMENTAS. \u200e<\/strong>El Consejo Legislativo del estado Zulia (Clezulia), aprob\u00f3 este jueves 5 de junio, en sesi\u00f3n ordinaria y por unanimidad, la primera Ley de Deberes Humanos del estado Zulia y de Venezuela, la cual fue impulsada por el legislador Justo Berm\u00fadez, presidente de la Comisi\u00f3n Permanente del Poder Popular para la Econom\u00eda, Finanzas, Planificaci\u00f3n y Desarrollo del estado.<br>\u200e<br>\u200eLa presidente del \u00f3rgano legislativo, Iraida Josefina Villasmil, agradeci\u00f3 al legislador y a todo el equipo que lo acompa\u00f1\u00f3 a proponer una ley que fortalecer\u00e1 la cultura ciudadana y la corresponsabilidad en la construcci\u00f3n de una sociedad m\u00e1s justa y solidaria.<\/p>\n\n\n\n<figure class=\"wp-block-image size-large\"><img fetchpriority=\"high\" decoding=\"async\" width=\"1024\" height=\"768\" src=\"https:\/\/entretormentas.com\/wp-content\/uploads\/2025\/06\/ley2-1024x768.jpg\" alt=\"\" class=\"wp-image-17585\" srcset=\"https:\/\/entretormentas.com\/wp-content\/uploads\/2025\/06\/ley2-1024x768.jpg 1024w, https:\/\/entretormentas.com\/wp-content\/uploads\/2025\/06\/ley2-300x225.jpg 300w, https:\/\/entretormentas.com\/wp-content\/uploads\/2025\/06\/ley2-768x576.jpg 768w, https:\/\/entretormentas.com\/wp-content\/uploads\/2025\/06\/ley2.jpg 1280w\" sizes=\"(max-width: 1024px) 100vw, 1024px\" \/><\/figure>\n\n\n\n<p><br>\u200e\u200eLa ley tiene como objetivo promover, garantizar y consolidar los deberes humanos, entendidos como los compromisos que toda persona, de manera individual y colectiva debe asumir en la protecci\u00f3n, respeto y cumplimiento de los valores, principios y derechos que rigen la convivencia democr\u00e1tica.<br>\u200e<br>\u200e\u201cEsta ley, que cuenta con 38 art\u00edculos distribuidos en 9 cap\u00edtulos, busca algo muy simple pero poderoso, despertar la conciencia ciudadana, recordarnos que una sociedad justa no se construye s\u00f3lo reclamando derechos, sino tambi\u00e9n asumiendo nuestros deberes con responsabilidad y amor al entorno\u201d, destac\u00f3 el legislador Berm\u00fadez.<br>\u200e<br>\u200ePor su parte, Argenis Angulo, expresidente de la C\u00e1mara Junior Internacional y proponente de esta ley, resalt\u00f3 que hoy es un d\u00eda hist\u00f3rico para la regi\u00f3n porque por primera vez en el planeta, un Estado legisla con enfoque en los deberes esenciales de todo ser humano. Sin embargo, tambi\u00e9n destac\u00f3 que el d\u00eda hist\u00f3rico llegar\u00e1 cuando los ciudadanos comiencen a cambiar sus h\u00e1bitos y asumir responsabilidades colectivas.<\/p>\n\n\n\n<figure class=\"wp-block-image size-large\"><img decoding=\"async\" width=\"1024\" height=\"768\" src=\"https:\/\/entretormentas.com\/wp-content\/uploads\/2025\/06\/ley3-1024x768.jpg\" alt=\"\" class=\"wp-image-17586\" srcset=\"https:\/\/entretormentas.com\/wp-content\/uploads\/2025\/06\/ley3-1024x768.jpg 1024w, https:\/\/entretormentas.com\/wp-content\/uploads\/2025\/06\/ley3-300x225.jpg 300w, https:\/\/entretormentas.com\/wp-content\/uploads\/2025\/06\/ley3-768x576.jpg 768w, https:\/\/entretormentas.com\/wp-content\/uploads\/2025\/06\/ley3.jpg 1280w\" sizes=\"(max-width: 1024px) 100vw, 1024px\" \/><\/figure>\n\n\n\n<p><br>\u200e\u201cLa realidad es que lo que pienso, es que el d\u00eda hist\u00f3rico llegar\u00e1 cuando nuestros ciudadanos cambien sus h\u00e1bitos (\u2026) Ser\u00e1 hist\u00f3rico el d\u00eda en el que un zuliano le recuerde al otro el deber de cuidar su patrimonio (\u2026) Ser\u00e1 hist\u00f3rico el d\u00eda en el que las propuestas sean m\u00e1s populares que las quejas. Ser\u00e1 hist\u00f3rico el d\u00eda en el que cada zuliano comprenda que tenemos el deber de ser parte de los cambios que queremos ver.<br>\u200e<br>\u200eFinalmente, la ley fue entregada al Secretario de Gobierno, Juan Barboza, para su debida firma y promulgaci\u00f3n.<br><strong><em>ET \/ Prensa Clezulia<\/em><\/strong><\/p>\n","protected":false},"excerpt":{"rendered":"<p>\u200eENTRE TORMENTAS. \u200eEl Consejo Legislativo del estado Zulia (Clezulia), aprob\u00f3 este jueves 5 de junio,&#8230;<\/p>\n","protected":false},"author":2,"featured_media":17587,"comment_status":"closed","ping_status":"open","sticky":false,"template":"","format":"standard","meta":{"footnotes":""},"categories":[57,1],"tags":[],"class_list":["post-17584","post","type-post","status-publish","format-standard","has-post-thumbnail","hentry","category-actualidad","category-regionales"],"_links":{"self":[{"href":"https:\/\/entretormentas.com\/index.php?rest_route=\/wp\/v2\/posts\/17584","targetHints":{"allow":["GET"]}}],"collection":[{"href":"https:\/\/entretormentas.com\/index.php?rest_route=\/wp\/v2\/posts"}],"about":[{"href":"https:\/\/entretormentas.com\/index.php?rest_route=\/wp\/v2\/types\/post"}],"author":[{"embeddable":true,"href":"https:\/\/entretormentas.com\/index.php?rest_route=\/wp\/v2\/users\/2"}],"replies":[{"embeddable":true,"href":"https:\/\/entretormentas.com\/index.php?rest_route=%2Fwp%2Fv2%2Fcomments&post=17584"}],"version-history":[{"count":1,"href":"https:\/\/entretormentas.com\/index.php?rest_route=\/wp\/v2\/posts\/17584\/revisions"}],"predecessor-version":[{"id":17588,"href":"https:\/\/entretormentas.com\/index.php?rest_route=\/wp\/v2\/posts\/17584\/revisions\/17588"}],"wp:featuredmedia":[{"embeddable":true,"href":"https:\/\/entretormentas.com\/index.php?rest_route=\/wp\/v2\/media\/17587"}],"wp:attachment":[{"href":"https:\/\/entretormentas.com\/index.php?rest_route=%2Fwp%2Fv2%2Fmedia&parent=17584"}],"wp:term":[{"taxonomy":"category","embeddable":true,"href":"https:\/\/entretormentas.com\/index.php?rest_route=%2Fwp%2Fv2%2Fcategories&post=17584"},{"taxonomy":"post_tag","embeddable":true,"href":"https:\/\/entretormentas.com\/index.php?rest_route=%2Fwp%2Fv2%2Ftags&post=17584"}],"curies":[{"name":"wp","href":"https:\/\/api.w.org\/{rel}","templated":true}]}}