{"id":17589,"date":"2025-06-06T10:14:12","date_gmt":"2025-06-06T08:14:12","guid":{"rendered":"https:\/\/entretormentas.com\/?p=17589"},"modified":"2025-06-06T10:14:12","modified_gmt":"2025-06-06T08:14:12","slug":"compromiso-gobernador-caldera-anuncia-lineas-estrategicas-de-atencion-para-guajira","status":"publish","type":"post","link":"https:\/\/entretormentas.com\/compromiso-gobernador-caldera-anuncia-lineas-estrategicas-de-atencion-para-guajira\/","title":{"rendered":"\u00a1COMPROMISO! Gobernador Caldera anuncia l\u00edneas estrat\u00e9gicas de atenci\u00f3n para Guajira"},"content":{"rendered":"\n<p><strong>ENTRE TORMENTAS. <\/strong>En su visita este mi\u00e9rcoles 4 de junio al municipio ind\u00edgena Guajira, el gobernador Luis Caldera, anunci\u00f3 desde el Hospital Binacional de Paraguaipoa Dr. Jos\u00e9 Leonardo Hern\u00e1ndez, que este municipio fronterizo se atender\u00e1n con varias l\u00edneas estrat\u00e9gicas en su plan de gobierno.<\/p>\n\n\n\n<p>Dio a conocer que estas l\u00edneas a atender son el sistema el\u00e9ctrico, con la sustituci\u00f3n postes, l\u00edneas y transformadores; el agua potable, desde la Planta Potabilizadora El Brillante para Paraguaipoa y el Proyecto Sinamaica; en materia de vialidad, se suma la Troncal del Caribe en sus diferentes tramos Paraguaipoa-Paraguach\u00f3n y Paraguaipoa-Sinamaica; mientras que en salud destaca la atenci\u00f3n al Hospital Binacional de Paraguaipoa y a los Centro de Diagn\u00f3stico Integral (CDI).<\/p>\n\n\n\n<p>Tambi\u00e9n figura el Plan de Equipamiento para las Escuelas, especialmente a las escuelas m\u00e1s cr\u00edticas en mesas-sillas, en techos, ventiladores y desarrollar acciones de acondicionamiento m\u00ednimo, a trav\u00e9s de las Brigadas Comunitarias Militares (Bricomiles).<\/p>\n\n\n\n<p>\u201cOtras de las l\u00edneas tiene que ver con el programa de culminaci\u00f3n de obras, lo que llamamos nosotros el cierre del ciclo de obras. Hay unas obras que ya fueron iniciadas por la gesti\u00f3n municipal, otras por la gesti\u00f3n del Gobierno Nacional y estamos haciendo un inventario de estas para que en el plan de 2025 podamos ir culminando y entregando obras, como la escuela especial y viviendas, donde hay muchos casos que se iniciaron con el Poder Popular\u201d, resalt\u00f3.<br><strong><em>ET \/ Nota de Prensa<\/em><\/strong><\/p>\n","protected":false},"excerpt":{"rendered":"<p>ENTRE TORMENTAS. En su visita este mi\u00e9rcoles 4 de junio al municipio ind\u00edgena Guajira, el&#8230;<\/p>\n","protected":false},"author":2,"featured_media":17590,"comment_status":"closed","ping_status":"open","sticky":false,"template":"","format":"standard","meta":{"footnotes":""},"categories":[57,1],"tags":[],"class_list":["post-17589","post","type-post","status-publish","format-standard","has-post-thumbnail","hentry","category-actualidad","category-regionales"],"_links":{"self":[{"href":"https:\/\/entretormentas.com\/index.php?rest_route=\/wp\/v2\/posts\/17589","targetHints":{"allow":["GET"]}}],"collection":[{"href":"https:\/\/entretormentas.com\/index.php?rest_route=\/wp\/v2\/posts"}],"about":[{"href":"https:\/\/entretormentas.com\/index.php?rest_route=\/wp\/v2\/types\/post"}],"author":[{"embeddable":true,"href":"https:\/\/entretormentas.com\/index.php?rest_route=\/wp\/v2\/users\/2"}],"replies":[{"embeddable":true,"href":"https:\/\/entretormentas.com\/index.php?rest_route=%2Fwp%2Fv2%2Fcomments&post=17589"}],"version-history":[{"count":1,"href":"https:\/\/entretormentas.com\/index.php?rest_route=\/wp\/v2\/posts\/17589\/revisions"}],"predecessor-version":[{"id":17591,"href":"https:\/\/entretormentas.com\/index.php?rest_route=\/wp\/v2\/posts\/17589\/revisions\/17591"}],"wp:featuredmedia":[{"embeddable":true,"href":"https:\/\/entretormentas.com\/index.php?rest_route=\/wp\/v2\/media\/17590"}],"wp:attachment":[{"href":"https:\/\/entretormentas.com\/index.php?rest_route=%2Fwp%2Fv2%2Fmedia&parent=17589"}],"wp:term":[{"taxonomy":"category","embeddable":true,"href":"https:\/\/entretormentas.com\/index.php?rest_route=%2Fwp%2Fv2%2Fcategories&post=17589"},{"taxonomy":"post_tag","embeddable":true,"href":"https:\/\/entretormentas.com\/index.php?rest_route=%2Fwp%2Fv2%2Ftags&post=17589"}],"curies":[{"name":"wp","href":"https:\/\/api.w.org\/{rel}","templated":true}]}}