{"id":17599,"date":"2025-06-06T10:24:34","date_gmt":"2025-06-06T08:24:34","guid":{"rendered":"https:\/\/entretormentas.com\/?p=17599"},"modified":"2025-06-06T10:24:34","modified_gmt":"2025-06-06T08:24:34","slug":"delcy-rodriguez-venezuela-no-reconocera-ninguna-sentencia-de-la-cij-sobre-el-esequibo","status":"publish","type":"post","link":"https:\/\/entretormentas.com\/delcy-rodriguez-venezuela-no-reconocera-ninguna-sentencia-de-la-cij-sobre-el-esequibo\/","title":{"rendered":"DELCY RODR\u00cdGUEZ: \u00abVenezuela no reconocer\u00e1 ninguna sentencia de la CIJ sobre el Esequibo\u00bb"},"content":{"rendered":"\n<p><strong>ENTRE TORMENTAS.<\/strong> La vicepresidenta de la Rep\u00fablica, Delcy Rodr\u00edguez, asegur\u00f3 que \u00abVenezuela no reconocer\u00e1 ninguna sentencia de la Corte Internacional de Justicia (CIJ) o de otro organismos internacional sobre el Esequibo\u00bb, y defender\u00e1 el Tratado de Ginebra como \u00fanico mecanismo para resolver la controversia sobre este territorio.<\/p>\n\n\n\n<p>\u00abEl acuerdo de Ginebra es el \u00fanico mecanismo para resolver esta controversia territorial y Venezuela se defender\u00e1 con todas las herramientas que el derecho internacional le suministra para hacer valer sus derechos hist\u00f3ricos y leg\u00edtimos\u00bb, manifest\u00f3.<\/p>\n\n\n\n<p>En este sentido, dijo que la soberan\u00eda del territorio venezolano jam\u00e1s ser\u00e1 entregada.<\/p>\n\n\n\n<figure class=\"wp-block-image size-full\"><img fetchpriority=\"high\" decoding=\"async\" width=\"768\" height=\"450\" src=\"https:\/\/entretormentas.com\/wp-content\/uploads\/2025\/06\/delgua.jpg\" alt=\"\" class=\"wp-image-17600\" srcset=\"https:\/\/entretormentas.com\/wp-content\/uploads\/2025\/06\/delgua.jpg 768w, https:\/\/entretormentas.com\/wp-content\/uploads\/2025\/06\/delgua-300x176.jpg 300w\" sizes=\"(max-width: 768px) 100vw, 768px\" \/><\/figure>\n\n\n\n<p>\u00abLos asuntos de nuestro pa\u00eds, a partir del fraude que signific\u00f3 el laudo de 1.899, como el territorio, su integridad territorial, soberan\u00eda y paz jam\u00e1s ser\u00e1n entregados a manos de terceros, ni tribunal ni como se llamase\u00bb, asegur\u00f3 Rodr\u00edguez durante la juramentaci\u00f3n del nuevo gobernador de nuestro territorio Esequibo, Neil Villamizar.<\/p>\n\n\n\n<p>Agreg\u00f3 que \u00abpor eso nosotros no reconocimos el establecimiento de la jurisdicci\u00f3n de la Corte Internacional de Justicia para resolver esta controversia sobre la Guayana Esequiba\u00bb.<\/p>\n\n\n\n<p>\u00abNo la reconocimos ni vamos a reconocer lo que pueda salir de este procedimiento ama\u00f1ado, manipulado por trasnacionales\u00bb, reiter\u00f3.<\/p>\n\n\n\n<p>Record\u00f3 que Venezuela nunca dio su consentimiento para el proceso que se mantiene en la CIJ, a solicitud de Guyana, sobre nuestro Esequibo. Y resalt\u00f3 la mala fe con la que ha actuado la administraci\u00f3n de Irfaan Al\u00ed, apoyado por transnacionales, en lo referente a los mecanismos para la resoluci\u00f3n de esta controversia.<\/p>\n\n\n\n<p>Finalmente, la vicepresidenta denunci\u00f3 que las autoridades del Gobierno de Guyana est\u00e1n captados por las trasnacionales para tratar de despojar a Venezuela de su derecho hist\u00f3rico.<br><strong><em>ET \/ Agencias<\/em><\/strong><\/p>\n\n\n\n<p><\/p>\n","protected":false},"excerpt":{"rendered":"<p>ENTRE TORMENTAS. La vicepresidenta de la Rep\u00fablica, Delcy Rodr\u00edguez, asegur\u00f3 que \u00abVenezuela no reconocer\u00e1 ninguna&#8230;<\/p>\n","protected":false},"author":2,"featured_media":17601,"comment_status":"closed","ping_status":"open","sticky":false,"template":"","format":"standard","meta":{"footnotes":""},"categories":[56,49],"tags":[],"class_list":["post-17599","post","type-post","status-publish","format-standard","has-post-thumbnail","hentry","category-destacadas","category-nacionales"],"_links":{"self":[{"href":"https:\/\/entretormentas.com\/index.php?rest_route=\/wp\/v2\/posts\/17599","targetHints":{"allow":["GET"]}}],"collection":[{"href":"https:\/\/entretormentas.com\/index.php?rest_route=\/wp\/v2\/posts"}],"about":[{"href":"https:\/\/entretormentas.com\/index.php?rest_route=\/wp\/v2\/types\/post"}],"author":[{"embeddable":true,"href":"https:\/\/entretormentas.com\/index.php?rest_route=\/wp\/v2\/users\/2"}],"replies":[{"embeddable":true,"href":"https:\/\/entretormentas.com\/index.php?rest_route=%2Fwp%2Fv2%2Fcomments&post=17599"}],"version-history":[{"count":1,"href":"https:\/\/entretormentas.com\/index.php?rest_route=\/wp\/v2\/posts\/17599\/revisions"}],"predecessor-version":[{"id":17602,"href":"https:\/\/entretormentas.com\/index.php?rest_route=\/wp\/v2\/posts\/17599\/revisions\/17602"}],"wp:featuredmedia":[{"embeddable":true,"href":"https:\/\/entretormentas.com\/index.php?rest_route=\/wp\/v2\/media\/17601"}],"wp:attachment":[{"href":"https:\/\/entretormentas.com\/index.php?rest_route=%2Fwp%2Fv2%2Fmedia&parent=17599"}],"wp:term":[{"taxonomy":"category","embeddable":true,"href":"https:\/\/entretormentas.com\/index.php?rest_route=%2Fwp%2Fv2%2Fcategories&post=17599"},{"taxonomy":"post_tag","embeddable":true,"href":"https:\/\/entretormentas.com\/index.php?rest_route=%2Fwp%2Fv2%2Ftags&post=17599"}],"curies":[{"name":"wp","href":"https:\/\/api.w.org\/{rel}","templated":true}]}}