{"id":17603,"date":"2025-06-06T10:27:02","date_gmt":"2025-06-06T08:27:02","guid":{"rendered":"https:\/\/entretormentas.com\/?p=17603"},"modified":"2025-06-06T10:27:03","modified_gmt":"2025-06-06T08:27:03","slug":"aclaratoria-casa-blanca-afirma-que-venezolanos-con-visas-vigentes-no-seran-afectados","status":"publish","type":"post","link":"https:\/\/entretormentas.com\/aclaratoria-casa-blanca-afirma-que-venezolanos-con-visas-vigentes-no-seran-afectados\/","title":{"rendered":"\u00a1ACLARATORIA! Casa Blanca afirma que venezolanos con visas vigentes no ser\u00e1n afectados"},"content":{"rendered":"\n<p><strong>ENTRE TORMENTAS.<\/strong> Este jueves, la Casa Blanca public\u00f3 una aclaratoria sobre la proclamaci\u00f3n de la prohibici\u00f3n de viajes, en la cual explica el alcance de la medida y que aquellas personas con visas ya vigentes no se ver\u00e1n afectadas.<\/p>\n\n\n\n<p>Seg\u00fan el documento oficial, Cuba y Venezuela figuran entre los pa\u00edses incluidos en el grupo de restricciones parciales. En el caso venezolano, la suspensi\u00f3n se aplicar\u00e1 \u00fanicamente al otorgamiento de nuevos visados o a personas que no cuenten con una visa v\u00e1lida al momento de la entrada en vigor de la proclamaci\u00f3n.<\/p>\n\n\n\n<p>La medida comenzar\u00e1 a regir el 9 de junio de 2025, y de acuerdo con lo establecido, los ciudadanos venezolanos con visas aprobadas antes de esa fecha podr\u00e1n ingresar legalmente a territorio estadounidense sin verse afectados por esta nueva normativa.<\/p>\n\n\n\n<p>Este mi\u00e9rcoles, el presidente Donald Trump firm\u00f3 una Proclamaci\u00f3n para proteger a EEUU del terrorismo extranjero y otras amenazas a la seguridad nacional y p\u00fablica que proh\u00edbe la entrada a los nacionales de 12 pa\u00edses y restringe parcialmente el ingreso de ciudadanos de otras siete naciones.<br><strong><em>ET \/ Agencias<\/em><\/strong><\/p>\n\n\n\n<p><\/p>\n","protected":false},"excerpt":{"rendered":"<p>ENTRE TORMENTAS. Este jueves, la Casa Blanca public\u00f3 una aclaratoria sobre la proclamaci\u00f3n de la&#8230;<\/p>\n","protected":false},"author":2,"featured_media":17604,"comment_status":"closed","ping_status":"open","sticky":false,"template":"","format":"standard","meta":{"footnotes":""},"categories":[56,48],"tags":[],"class_list":["post-17603","post","type-post","status-publish","format-standard","has-post-thumbnail","hentry","category-destacadas","category-internacionales"],"_links":{"self":[{"href":"https:\/\/entretormentas.com\/index.php?rest_route=\/wp\/v2\/posts\/17603","targetHints":{"allow":["GET"]}}],"collection":[{"href":"https:\/\/entretormentas.com\/index.php?rest_route=\/wp\/v2\/posts"}],"about":[{"href":"https:\/\/entretormentas.com\/index.php?rest_route=\/wp\/v2\/types\/post"}],"author":[{"embeddable":true,"href":"https:\/\/entretormentas.com\/index.php?rest_route=\/wp\/v2\/users\/2"}],"replies":[{"embeddable":true,"href":"https:\/\/entretormentas.com\/index.php?rest_route=%2Fwp%2Fv2%2Fcomments&post=17603"}],"version-history":[{"count":1,"href":"https:\/\/entretormentas.com\/index.php?rest_route=\/wp\/v2\/posts\/17603\/revisions"}],"predecessor-version":[{"id":17605,"href":"https:\/\/entretormentas.com\/index.php?rest_route=\/wp\/v2\/posts\/17603\/revisions\/17605"}],"wp:featuredmedia":[{"embeddable":true,"href":"https:\/\/entretormentas.com\/index.php?rest_route=\/wp\/v2\/media\/17604"}],"wp:attachment":[{"href":"https:\/\/entretormentas.com\/index.php?rest_route=%2Fwp%2Fv2%2Fmedia&parent=17603"}],"wp:term":[{"taxonomy":"category","embeddable":true,"href":"https:\/\/entretormentas.com\/index.php?rest_route=%2Fwp%2Fv2%2Fcategories&post=17603"},{"taxonomy":"post_tag","embeddable":true,"href":"https:\/\/entretormentas.com\/index.php?rest_route=%2Fwp%2Fv2%2Ftags&post=17603"}],"curies":[{"name":"wp","href":"https:\/\/api.w.org\/{rel}","templated":true}]}}