{"id":17620,"date":"2025-06-07T12:41:32","date_gmt":"2025-06-07T10:41:32","guid":{"rendered":"https:\/\/entretormentas.com\/?p=17620"},"modified":"2025-06-07T12:41:32","modified_gmt":"2025-06-07T10:41:32","slug":"maracaibo-media-fest-2025-el-gran-encuentro-de-creadores-de-contenido-en-redes-sociales","status":"publish","type":"post","link":"https:\/\/entretormentas.com\/maracaibo-media-fest-2025-el-gran-encuentro-de-creadores-de-contenido-en-redes-sociales\/","title":{"rendered":"MARACAIBO MEDIA FEST 2025: El gran encuentro de creadores de contenido en Redes Sociales"},"content":{"rendered":"\n<p><strong>ENTRE TORMENTAS.<\/strong> Maracaibo se prepara para celebrar el D\u00eda Mundial de las Redes Sociales con la segunda edici\u00f3n del Maracaibo Media Fest 2025, un evento que reunir\u00e1 a los principales creadores de contenido, expertos en marketing digital y emprendedores para explorar el impacto de las redes sociales en la expansi\u00f3n empresarial y el posicionamiento global de marcas.<\/p>\n\n\n\n<figure class=\"wp-block-image size-large\"><img fetchpriority=\"high\" decoding=\"async\" width=\"768\" height=\"1024\" src=\"https:\/\/entretormentas.com\/wp-content\/uploads\/2025\/06\/MEDIAFEST2-768x1024.jpg\" alt=\"\" class=\"wp-image-17621\" srcset=\"https:\/\/entretormentas.com\/wp-content\/uploads\/2025\/06\/MEDIAFEST2-768x1024.jpg 768w, https:\/\/entretormentas.com\/wp-content\/uploads\/2025\/06\/MEDIAFEST2-225x300.jpg 225w, https:\/\/entretormentas.com\/wp-content\/uploads\/2025\/06\/MEDIAFEST2-1024x1365.jpg 1024w, https:\/\/entretormentas.com\/wp-content\/uploads\/2025\/06\/MEDIAFEST2.jpg 1080w\" sizes=\"(max-width: 768px) 100vw, 768px\" \/><\/figure>\n\n\n\n<p><br>El evento se llevar\u00e1 a cabo el 28 de junio en el Teatro Baralt, desde las 9:00 a.m. y hasta las 4:00 p.m., ofreciendo una jornada completa de conferencias, networking y formaci\u00f3n. Este a\u00f1o, el festival contar\u00e1 con la mayor cantidad de ponentes hasta la fecha, incluyendo diez nuevos expertos que compartir\u00e1n conocimientos sobre imagen, fotograf\u00eda, videos, inteligencia artificial, estrategias de ADS, actitud, conexi\u00f3n, empoderamiento y mucho m\u00e1s.<\/p>\n\n\n\n<p><strong>EXPANSI\u00d3N EMPRESARIAL Y REDES SOCIALES<\/strong><br>Las redes sociales han transformado la manera en que las empresas y marcas se posicionan en el mercado global. Durante el Maracaibo Media Fest 2025, los asistentes podr\u00e1n conocer estrategias innovadoras para aprovechar el poder del contenido digital y fortalecer su presencia en el mundo digital.<\/p>\n\n\n\n<figure class=\"wp-block-image size-full\"><img decoding=\"async\" width=\"1000\" height=\"667\" src=\"https:\/\/entretormentas.com\/wp-content\/uploads\/2025\/06\/MEDIAFEST3.jpg\" alt=\"\" class=\"wp-image-17622\" srcset=\"https:\/\/entretormentas.com\/wp-content\/uploads\/2025\/06\/MEDIAFEST3.jpg 1000w, https:\/\/entretormentas.com\/wp-content\/uploads\/2025\/06\/MEDIAFEST3-300x200.jpg 300w, https:\/\/entretormentas.com\/wp-content\/uploads\/2025\/06\/MEDIAFEST3-768x512.jpg 768w\" sizes=\"(max-width: 1000px) 100vw, 1000px\" \/><\/figure>\n\n\n\n<p><strong>C\u00d3MO PARTICIPAR<\/strong><br>Los interesados pueden adquirir sus entradas de tres formas: Como participante, para disfrutar de todas las ponencias y actividades. Como patrocinante, para impulsar su marca dentro del evento. Como emprendedor, para conectar con expertos y potenciar su negocio.<\/p>\n\n\n\n<p>Para m\u00e1s informaci\u00f3n y compra de entradas, contacta con Br\u00fajula Gerencial: 0412-5494484 www.brujulagerencial.com @brujulagerencial | @maracaibomediafest<br>No te pierdas esta oportunidad de aprender, conectar y crecer en el mundo digital. \u00a1Te esperamos en el Maracaibo Media Fest 2025!<br><strong><em>ET \/ Prensa Maracaibo Media Fest 2025<\/em><\/strong><\/p>\n\n\n\n<p><\/p>\n","protected":false},"excerpt":{"rendered":"<p>ENTRE TORMENTAS. Maracaibo se prepara para celebrar el D\u00eda Mundial de las Redes Sociales con&#8230;<\/p>\n","protected":false},"author":2,"featured_media":17623,"comment_status":"closed","ping_status":"open","sticky":false,"template":"","format":"standard","meta":{"footnotes":""},"categories":[57,1],"tags":[],"class_list":["post-17620","post","type-post","status-publish","format-standard","has-post-thumbnail","hentry","category-actualidad","category-regionales"],"_links":{"self":[{"href":"https:\/\/entretormentas.com\/index.php?rest_route=\/wp\/v2\/posts\/17620","targetHints":{"allow":["GET"]}}],"collection":[{"href":"https:\/\/entretormentas.com\/index.php?rest_route=\/wp\/v2\/posts"}],"about":[{"href":"https:\/\/entretormentas.com\/index.php?rest_route=\/wp\/v2\/types\/post"}],"author":[{"embeddable":true,"href":"https:\/\/entretormentas.com\/index.php?rest_route=\/wp\/v2\/users\/2"}],"replies":[{"embeddable":true,"href":"https:\/\/entretormentas.com\/index.php?rest_route=%2Fwp%2Fv2%2Fcomments&post=17620"}],"version-history":[{"count":1,"href":"https:\/\/entretormentas.com\/index.php?rest_route=\/wp\/v2\/posts\/17620\/revisions"}],"predecessor-version":[{"id":17624,"href":"https:\/\/entretormentas.com\/index.php?rest_route=\/wp\/v2\/posts\/17620\/revisions\/17624"}],"wp:featuredmedia":[{"embeddable":true,"href":"https:\/\/entretormentas.com\/index.php?rest_route=\/wp\/v2\/media\/17623"}],"wp:attachment":[{"href":"https:\/\/entretormentas.com\/index.php?rest_route=%2Fwp%2Fv2%2Fmedia&parent=17620"}],"wp:term":[{"taxonomy":"category","embeddable":true,"href":"https:\/\/entretormentas.com\/index.php?rest_route=%2Fwp%2Fv2%2Fcategories&post=17620"},{"taxonomy":"post_tag","embeddable":true,"href":"https:\/\/entretormentas.com\/index.php?rest_route=%2Fwp%2Fv2%2Ftags&post=17620"}],"curies":[{"name":"wp","href":"https:\/\/api.w.org\/{rel}","templated":true}]}}