{"id":17625,"date":"2025-06-07T12:48:05","date_gmt":"2025-06-07T10:48:05","guid":{"rendered":"https:\/\/entretormentas.com\/?p=17625"},"modified":"2025-06-07T12:52:54","modified_gmt":"2025-06-07T10:52:54","slug":"culmina-un-ciclo-el-clezulia-celebro-su-ultima-sesion-del-periodo-2022-2025","status":"publish","type":"post","link":"https:\/\/entretormentas.com\/culmina-un-ciclo-el-clezulia-celebro-su-ultima-sesion-del-periodo-2022-2025\/","title":{"rendered":"\u00a1CULMINA UN CICLO! El Clezulia celebr\u00f3 su \u00faltima sesi\u00f3n del periodo 2022-2025"},"content":{"rendered":"\n<p><br>\u200e<strong>ENTRE TORMENTAS.<\/strong> \u200eEste viernes 6 de junio, los legisladores del Consejo Legislativo del estado Zulia (Clezulia) electos para el periodo 2022-2025 realizaron su \u00faltima sesi\u00f3n ordinaria, cerrando un ciclo exitoso de cuatro a\u00f1os de trabajo legislativo.<br>\u200e<br>\u200eLa presidente del parlamento regional, Iraida Josefina Villasmil, expres\u00f3 su profundo agradecimiento a ambas bancadas pol\u00edticas por el respaldo y compromiso demostrado a lo largo de la gesti\u00f3n.<\/p>\n\n\n\n<figure class=\"wp-block-image size-large\"><img fetchpriority=\"high\" decoding=\"async\" width=\"1024\" height=\"576\" src=\"https:\/\/entretormentas.com\/wp-content\/uploads\/2025\/06\/CLE2-1024x576.jpg\" alt=\"\" class=\"wp-image-17626\" srcset=\"https:\/\/entretormentas.com\/wp-content\/uploads\/2025\/06\/CLE2-1024x576.jpg 1024w, https:\/\/entretormentas.com\/wp-content\/uploads\/2025\/06\/CLE2-300x169.jpg 300w, https:\/\/entretormentas.com\/wp-content\/uploads\/2025\/06\/CLE2-768x432.jpg 768w, https:\/\/entretormentas.com\/wp-content\/uploads\/2025\/06\/CLE2.jpg 1280w\" sizes=\"(max-width: 1024px) 100vw, 1024px\" \/><\/figure>\n\n\n\n<p><br>\u200e\u200e\u201cJuntos hemos enfrentado desaf\u00edos, hemos debatido ideas y hemos trabajado incansablemente por el bienestar de nuestro amado Zulia\u201d, manifest\u00f3 Villasmil.<br>\u200e<br>\u200eDestac\u00f3 que esta semana ha sido hist\u00f3rica para el estado Zulia, ya que el parlamento aprob\u00f3 cr\u00e9ditos adicionales para el gobernador entrante, se aprob\u00f3 la primera Ley de Deberes Humanos en todo el pa\u00eds y tambi\u00e9n fue aprobada la Ley para la Protecci\u00f3n de las Especies Arb\u00f3reas del estado Zulia.<\/p>\n\n\n\n<figure class=\"wp-block-image size-large\"><img decoding=\"async\" width=\"1024\" height=\"768\" src=\"https:\/\/entretormentas.com\/wp-content\/uploads\/2025\/06\/clez2-1024x768.jpg\" alt=\"\" class=\"wp-image-17627\" srcset=\"https:\/\/entretormentas.com\/wp-content\/uploads\/2025\/06\/clez2-1024x768.jpg 1024w, https:\/\/entretormentas.com\/wp-content\/uploads\/2025\/06\/clez2-300x225.jpg 300w, https:\/\/entretormentas.com\/wp-content\/uploads\/2025\/06\/clez2-768x576.jpg 768w, https:\/\/entretormentas.com\/wp-content\/uploads\/2025\/06\/clez2.jpg 1080w\" sizes=\"(max-width: 1024px) 100vw, 1024px\" \/><\/figure>\n\n\n\n<p><br>\u200e<br>\u200eVillasmil inst\u00f3 a \u00abmirar hacia el futuro, a mantener viva la llama del compromiso y la esperanza. Sigamos trabajando juntos, sin importar las adversidades que puedan surgir. La historia del Zulia est\u00e1 escrita por sus ciudadanos valientes y resilientes\u00bb.<br><strong><em>\u200eET \/ Prensa Clezulia<\/em><\/strong><\/p>\n","protected":false},"excerpt":{"rendered":"<p>\u200eENTRE TORMENTAS. \u200eEste viernes 6 de junio, los legisladores del Consejo Legislativo del estado Zulia&#8230;<\/p>\n","protected":false},"author":2,"featured_media":17628,"comment_status":"closed","ping_status":"open","sticky":false,"template":"","format":"standard","meta":{"footnotes":""},"categories":[57,1],"tags":[],"class_list":["post-17625","post","type-post","status-publish","format-standard","has-post-thumbnail","hentry","category-actualidad","category-regionales"],"_links":{"self":[{"href":"https:\/\/entretormentas.com\/index.php?rest_route=\/wp\/v2\/posts\/17625","targetHints":{"allow":["GET"]}}],"collection":[{"href":"https:\/\/entretormentas.com\/index.php?rest_route=\/wp\/v2\/posts"}],"about":[{"href":"https:\/\/entretormentas.com\/index.php?rest_route=\/wp\/v2\/types\/post"}],"author":[{"embeddable":true,"href":"https:\/\/entretormentas.com\/index.php?rest_route=\/wp\/v2\/users\/2"}],"replies":[{"embeddable":true,"href":"https:\/\/entretormentas.com\/index.php?rest_route=%2Fwp%2Fv2%2Fcomments&post=17625"}],"version-history":[{"count":1,"href":"https:\/\/entretormentas.com\/index.php?rest_route=\/wp\/v2\/posts\/17625\/revisions"}],"predecessor-version":[{"id":17629,"href":"https:\/\/entretormentas.com\/index.php?rest_route=\/wp\/v2\/posts\/17625\/revisions\/17629"}],"wp:featuredmedia":[{"embeddable":true,"href":"https:\/\/entretormentas.com\/index.php?rest_route=\/wp\/v2\/media\/17628"}],"wp:attachment":[{"href":"https:\/\/entretormentas.com\/index.php?rest_route=%2Fwp%2Fv2%2Fmedia&parent=17625"}],"wp:term":[{"taxonomy":"category","embeddable":true,"href":"https:\/\/entretormentas.com\/index.php?rest_route=%2Fwp%2Fv2%2Fcategories&post=17625"},{"taxonomy":"post_tag","embeddable":true,"href":"https:\/\/entretormentas.com\/index.php?rest_route=%2Fwp%2Fv2%2Ftags&post=17625"}],"curies":[{"name":"wp","href":"https:\/\/api.w.org\/{rel}","templated":true}]}}