{"id":17630,"date":"2025-06-07T12:52:22","date_gmt":"2025-06-07T10:52:22","guid":{"rendered":"https:\/\/entretormentas.com\/?p=17630"},"modified":"2025-06-07T12:52:23","modified_gmt":"2025-06-07T10:52:23","slug":"gobenador-caldera-activo-instalan-plan-cayapa-de-la-salud-en-el-hospital-general-de-santa-barbara","status":"publish","type":"post","link":"https:\/\/entretormentas.com\/gobenador-caldera-activo-instalan-plan-cayapa-de-la-salud-en-el-hospital-general-de-santa-barbara\/","title":{"rendered":"\u00a1GOBENADOR CALDERA ACTIVO! Instalan Plan Cayapa de la Salud en el Hospital General de Santa B\u00e1rbara"},"content":{"rendered":"\n<p><strong>ENTRE TORMENTAS. <\/strong>El gobernador electo del estado Zulia, Luis Caldera, instal\u00f3 este viernes 6 de junio el Plan Cayapa de la Salud en el Hospital General de Santa B\u00e1rbara, municipio Col\u00f3n, en el Sur del Lago, para sumar los seis primeros recintos hospitalarios en la fase inicial de abordaje en el sector sanitario, con la misi\u00f3n de ofrecer calidad de atenci\u00f3n a los pacientes zulianos.<\/p>\n\n\n\n<p>El gobernador Caldera realiz\u00f3 un recorrido por las instalaciones del nosocomio surlaguense, para conocer sus condiciones y problem\u00e1ticas, junto al viceministro de Salud, Jos\u00e9 Miguel Medina; el director de Red Hospitalaria de la Autoridad \u00danica de Salud en el Zulia, Hermides G\u00e1mez y la directiva del hospital.<\/p>\n\n\n\n<p>El Plan Cayapa de la Salud, fue iniciado por el mandatario zuliano, dos d\u00edas despu\u00e9s de haber sido elegido en el proceso electoral del pasado 25 de mayo, cumpliendo con su compromiso en la campa\u00f1a electoral de ser la salud la prioridad del nuevo gobierno.<\/p>\n\n\n\n<figure class=\"wp-block-image size-full\"><img fetchpriority=\"high\" decoding=\"async\" width=\"669\" height=\"447\" src=\"https:\/\/entretormentas.com\/wp-content\/uploads\/2025\/06\/CAYA2.jpg\" alt=\"\" class=\"wp-image-17631\" srcset=\"https:\/\/entretormentas.com\/wp-content\/uploads\/2025\/06\/CAYA2.jpg 669w, https:\/\/entretormentas.com\/wp-content\/uploads\/2025\/06\/CAYA2-300x200.jpg 300w\" sizes=\"(max-width: 669px) 100vw, 669px\" \/><\/figure>\n\n\n\n<p>Al hacer un balance de su recorrido por este centro, que tiene cobertura para los cinco municipios que conforman el eje Sur del Lago, el mandatario zuliano, explic\u00f3 que se detectaron varias debilidades en distintas \u00e1reas y servicios, que ser\u00e1n atendidas con este plan.<\/p>\n\n\n\n<p>Detall\u00f3 que las mismas est\u00e1n reflejadas en el \u00e1rea de tomograf\u00eda y mamograf\u00eda, cerrado durante varios a\u00f1os y en los servicios de hospitalizaci\u00f3n y medicina interna.<\/p>\n\n\n\n<p>Tambi\u00e9n en los servicios de Rayos X y de Laboratorio que, aunque se encuentran operativos, presentan algunas limitaciones. Destac\u00f3 las \u00e1reas de pediatr\u00eda y terapia intensiva neonatal, cerradas; as\u00ed como el piso 4 totalmente colapsado.<\/p>\n\n\n\n<figure class=\"wp-block-image size-full\"><img decoding=\"async\" width=\"722\" height=\"483\" src=\"https:\/\/entretormentas.com\/wp-content\/uploads\/2025\/06\/CAYA3.jpg\" alt=\"\" class=\"wp-image-17632\" srcset=\"https:\/\/entretormentas.com\/wp-content\/uploads\/2025\/06\/CAYA3.jpg 722w, https:\/\/entretormentas.com\/wp-content\/uploads\/2025\/06\/CAYA3-300x201.jpg 300w\" sizes=\"(max-width: 722px) 100vw, 722px\" \/><\/figure>\n\n\n\n<p>\u201cHicimos este diagn\u00f3stico para que, la pr\u00f3xima semana, cuando asuma formalmente la Gobernaci\u00f3n del Zulia, arranquemos con los trabajos para convertir, como se merece el Hospital tipo III de Santa B\u00e1rbara y tenga la capacidad para atender en distintas patolog\u00edas, en el \u00e1rea quir\u00fargica, en la UCI, con una ambulancia, a los habitantes los cinco municipios del Sur del Lago\u201d, asegur\u00f3.<\/p>\n\n\n\n<p>Caldera tambi\u00e9n recorri\u00f3 el Centro de Diagn\u00f3stico Integral (CDI) Sim\u00f3n Bol\u00edvar, localizado en San Carlos, el cual ser\u00e1 inaugurado formalmente en los pr\u00f3ximos d\u00edas.<\/p>\n\n\n\n<p>All\u00ed sostuvo un encuentro con los jefes y jefas de Asic y evalu\u00f3 trabajos como la instalaci\u00f3n de siete aires acondicionados, la de equipos de laboratorio y la dotaci\u00f3n enviada por el Gobierno Nacional, mediante el Ministerio del Poder Popular para la Salud.<br><strong><em>ET \/ Nota de Prensa<\/em><\/strong><\/p>\n\n\n\n<p><\/p>\n","protected":false},"excerpt":{"rendered":"<p>ENTRE TORMENTAS. El gobernador electo del estado Zulia, Luis Caldera, instal\u00f3 este viernes 6 de&#8230;<\/p>\n","protected":false},"author":2,"featured_media":17633,"comment_status":"closed","ping_status":"open","sticky":false,"template":"","format":"standard","meta":{"footnotes":""},"categories":[57,1],"tags":[],"class_list":["post-17630","post","type-post","status-publish","format-standard","has-post-thumbnail","hentry","category-actualidad","category-regionales"],"_links":{"self":[{"href":"https:\/\/entretormentas.com\/index.php?rest_route=\/wp\/v2\/posts\/17630","targetHints":{"allow":["GET"]}}],"collection":[{"href":"https:\/\/entretormentas.com\/index.php?rest_route=\/wp\/v2\/posts"}],"about":[{"href":"https:\/\/entretormentas.com\/index.php?rest_route=\/wp\/v2\/types\/post"}],"author":[{"embeddable":true,"href":"https:\/\/entretormentas.com\/index.php?rest_route=\/wp\/v2\/users\/2"}],"replies":[{"embeddable":true,"href":"https:\/\/entretormentas.com\/index.php?rest_route=%2Fwp%2Fv2%2Fcomments&post=17630"}],"version-history":[{"count":1,"href":"https:\/\/entretormentas.com\/index.php?rest_route=\/wp\/v2\/posts\/17630\/revisions"}],"predecessor-version":[{"id":17634,"href":"https:\/\/entretormentas.com\/index.php?rest_route=\/wp\/v2\/posts\/17630\/revisions\/17634"}],"wp:featuredmedia":[{"embeddable":true,"href":"https:\/\/entretormentas.com\/index.php?rest_route=\/wp\/v2\/media\/17633"}],"wp:attachment":[{"href":"https:\/\/entretormentas.com\/index.php?rest_route=%2Fwp%2Fv2%2Fmedia&parent=17630"}],"wp:term":[{"taxonomy":"category","embeddable":true,"href":"https:\/\/entretormentas.com\/index.php?rest_route=%2Fwp%2Fv2%2Fcategories&post=17630"},{"taxonomy":"post_tag","embeddable":true,"href":"https:\/\/entretormentas.com\/index.php?rest_route=%2Fwp%2Fv2%2Ftags&post=17630"}],"curies":[{"name":"wp","href":"https:\/\/api.w.org\/{rel}","templated":true}]}}