{"id":17648,"date":"2025-06-07T13:13:02","date_gmt":"2025-06-07T11:13:02","guid":{"rendered":"https:\/\/entretormentas.com\/?p=17648"},"modified":"2025-06-07T13:13:03","modified_gmt":"2025-06-07T11:13:03","slug":"clases-hasta-el-18-jul-min-educacion-exige-actos-de-promocion-sencillos-y-prohibe-paquetes-de-grado","status":"publish","type":"post","link":"https:\/\/entretormentas.com\/clases-hasta-el-18-jul-min-educacion-exige-actos-de-promocion-sencillos-y-prohibe-paquetes-de-grado\/","title":{"rendered":"\u00a1CLASES HASTA EL 18-JUL! Min-Educaci\u00f3n exige actos de promoci\u00f3n sencillos y proh\u00edbe paquetes de grado"},"content":{"rendered":"\n<p><strong>ENTRE TORMENTAS.<\/strong> El Ministerio de Educaci\u00f3n expres\u00f3 su \u201cpreocupaci\u00f3n\u201d por la transformaci\u00f3n de los actos de promoci\u00f3n o de grado en algunas instituciones educativas del pa\u00eds en \u00abpr\u00e1cticas excluyentes y discriminatorias\u00bb, por lo que inst\u00f3 a liceos y colegios del pa\u00eds a convertir esas graduaciones en actos sencillos.<\/p>\n\n\n\n<p>\u201cLos actos de promoci\u00f3n deben celebrar los logros de nuestros ni\u00f1os, ni\u00f1as y j\u00f3venes, no la capacidad econ\u00f3mica de sus familias\u201d, afirm\u00f3 el ente estatal mediante su bolet\u00edn n\u00famero 27.<\/p>\n\n\n\n<p>En el comunicado, firmado por el ministro H\u00e9ctor Rodr\u00edguez, se se\u00f1ala que en ciertos planteles del pa\u00eds se generaliz\u00f3, entre otras cosas, la selecci\u00f3n de \u201cpadrinos de promoci\u00f3n\u201d con base en criterios econ\u00f3micos, a quienes se les solicita financiar fiestas, viajes u otros eventos.<\/p>\n\n\n\n<figure class=\"wp-block-image size-full\"><img fetchpriority=\"high\" decoding=\"async\" width=\"860\" height=\"463\" src=\"https:\/\/entretormentas.com\/wp-content\/uploads\/2025\/06\/PROMO2.jpg\" alt=\"\" class=\"wp-image-17649\" srcset=\"https:\/\/entretormentas.com\/wp-content\/uploads\/2025\/06\/PROMO2.jpg 860w, https:\/\/entretormentas.com\/wp-content\/uploads\/2025\/06\/PROMO2-300x162.jpg 300w, https:\/\/entretormentas.com\/wp-content\/uploads\/2025\/06\/PROMO2-768x413.jpg 768w\" sizes=\"(max-width: 860px) 100vw, 860px\" \/><\/figure>\n\n\n\n<p>\u201cEn muchos casos, estas personas no son moralmente id\u00f3neas para ser referentes de nuestros estudiantes\u201d, se\u00f1al\u00f3, tras destacar que esta pr\u00e1ctica desvirt\u00faa el prop\u00f3sito educativo de las ceremonias.<\/p>\n\n\n\n<p>Adem\u00e1s, record\u00f3 que el Ministerio proh\u00edbe la contrataci\u00f3n de \u201cpaquetes de grado\u201d y pide a las comunidades educativas a organizar actos de promoci\u00f3n \u00absencillos y significativos\u00bb.<\/p>\n\n\n\n<p><strong>ACTOS INCLUSIVOS<\/strong><br>Rodr\u00edguez propuso que los actos de promoci\u00f3n o de graduaci\u00f3n sean dise\u00f1ados con un enfoque pedag\u00f3gico que involucre a los estudiantes en su preparaci\u00f3n bajo la gu\u00eda docente.<\/p>\n\n\n\n<p>\u201cLos eventos m\u00e1s emotivos son aquellos organizados por los propios estudiantes, usando el uniforme que los acompa\u00f1\u00f3 en su etapa escolar, un s\u00edmbolo de apego y orgullo\u201d, indic\u00f3.<\/p>\n\n\n\n<p>Tambi\u00e9n sugiri\u00f3 seleccionar los nombres de la promoci\u00f3n inspirados en figuras destacadas de la educaci\u00f3n o la cultura del pa\u00eds, y elegir como padrinos a docentes, representantes o trabajadores con v\u00ednculos afectivos y valores ejemplares.<\/p>\n\n\n\n<p><strong>LAS CLASES CULMINAN EL 18-JUL<\/strong><br>A trav\u00e9s del Bolet\u00edn Informativo Nro.27, el ministro de Educaci\u00f3n H\u00e9ctor Rodr\u00edguez inform\u00f3 que el 18 de julio finaliza el \u00abTercer Momento Pedag\u00f3gico\u00bb, mientras ser\u00e1 el 31 de julio cuando finalice el a\u00f1o escolar.<\/p>\n\n\n\n<figure class=\"wp-block-image size-full\"><img decoding=\"async\" width=\"696\" height=\"375\" src=\"https:\/\/entretormentas.com\/wp-content\/uploads\/2025\/06\/PROMO3.jpg\" alt=\"\" class=\"wp-image-17650\" srcset=\"https:\/\/entretormentas.com\/wp-content\/uploads\/2025\/06\/PROMO3.jpg 696w, https:\/\/entretormentas.com\/wp-content\/uploads\/2025\/06\/PROMO3-300x162.jpg 300w\" sizes=\"(max-width: 696px) 100vw, 696px\" \/><\/figure>\n\n\n\n<p>Precisa que las elecciones de alcaldes y concejos municipales el pr\u00f3ximo 27 de julio, convocadas por el CNE, \u00aben nada afectar\u00e1n el calendario escolar previsto\u00bb.<\/p>\n\n\n\n<p>\u00abEl 18 de julio llega el fin del Tercer Momento Pedag\u00f3gico e inicia el proceso de verificaci\u00f3n de t\u00edtulos. Las semanas siguientes se estiman para celebrar el Consejo Docente No 7, inscripciones y actos de promoci\u00f3n y el 31 de julio llega a su fin el a\u00f1o escolar 2024-2025\u00bb, refiere la informaci\u00f3n.<br><strong><em>ET \/ Agencias<\/em><\/strong><\/p>\n\n\n\n<p><\/p>\n","protected":false},"excerpt":{"rendered":"<p>ENTRE TORMENTAS. El Ministerio de Educaci\u00f3n expres\u00f3 su \u201cpreocupaci\u00f3n\u201d por la transformaci\u00f3n de los actos&#8230;<\/p>\n","protected":false},"author":2,"featured_media":17651,"comment_status":"closed","ping_status":"open","sticky":false,"template":"","format":"standard","meta":{"footnotes":""},"categories":[56,49],"tags":[],"class_list":["post-17648","post","type-post","status-publish","format-standard","has-post-thumbnail","hentry","category-destacadas","category-nacionales"],"_links":{"self":[{"href":"https:\/\/entretormentas.com\/index.php?rest_route=\/wp\/v2\/posts\/17648","targetHints":{"allow":["GET"]}}],"collection":[{"href":"https:\/\/entretormentas.com\/index.php?rest_route=\/wp\/v2\/posts"}],"about":[{"href":"https:\/\/entretormentas.com\/index.php?rest_route=\/wp\/v2\/types\/post"}],"author":[{"embeddable":true,"href":"https:\/\/entretormentas.com\/index.php?rest_route=\/wp\/v2\/users\/2"}],"replies":[{"embeddable":true,"href":"https:\/\/entretormentas.com\/index.php?rest_route=%2Fwp%2Fv2%2Fcomments&post=17648"}],"version-history":[{"count":1,"href":"https:\/\/entretormentas.com\/index.php?rest_route=\/wp\/v2\/posts\/17648\/revisions"}],"predecessor-version":[{"id":17652,"href":"https:\/\/entretormentas.com\/index.php?rest_route=\/wp\/v2\/posts\/17648\/revisions\/17652"}],"wp:featuredmedia":[{"embeddable":true,"href":"https:\/\/entretormentas.com\/index.php?rest_route=\/wp\/v2\/media\/17651"}],"wp:attachment":[{"href":"https:\/\/entretormentas.com\/index.php?rest_route=%2Fwp%2Fv2%2Fmedia&parent=17648"}],"wp:term":[{"taxonomy":"category","embeddable":true,"href":"https:\/\/entretormentas.com\/index.php?rest_route=%2Fwp%2Fv2%2Fcategories&post=17648"},{"taxonomy":"post_tag","embeddable":true,"href":"https:\/\/entretormentas.com\/index.php?rest_route=%2Fwp%2Fv2%2Ftags&post=17648"}],"curies":[{"name":"wp","href":"https:\/\/api.w.org\/{rel}","templated":true}]}}