{"id":17667,"date":"2025-06-08T14:34:10","date_gmt":"2025-06-08T12:34:10","guid":{"rendered":"https:\/\/entretormentas.com\/?p=17667"},"modified":"2025-06-08T14:34:11","modified_gmt":"2025-06-08T12:34:11","slug":"magdely-valbuena-asume-presidencia-del-clez-hoy-volvio-el-pueblo-a-la-casa-de-las-leyes-del-zulia","status":"publish","type":"post","link":"https:\/\/entretormentas.com\/magdely-valbuena-asume-presidencia-del-clez-hoy-volvio-el-pueblo-a-la-casa-de-las-leyes-del-zulia\/","title":{"rendered":"MAGDELY VALBUENA ASUME PRESIDENCIA DEL CLEZ: \u201cHoy volvi\u00f3 el pueblo a la Casa de las Leyes del Zulia\u201d"},"content":{"rendered":"\n<p><strong>ENTRE TORMENTAS.<\/strong> \u00c9ste s\u00e1bado, 7 de junio fue juramentada como presidenta del Consejo Legislativo del Estado Zulia (CLEZ), la legisladora electa Magdely Valbuena Mu\u00f1oz, quien agradeci\u00f3 al pueblo zuliano por hacer posible el regreso del Poder Popular a la casa de las leyes en la regi\u00f3n.<\/p>\n\n\n\n<p>\u00abCon el sentimiento del renacer de la esperanza en el estado Zulia, con toda la disposici\u00f3n y con el compromiso que tenemos para aprobar las leyes que sean necesarias para conducir al desarrollo econ\u00f3mico y productivo de nuestra regi\u00f3n; adem\u00e1s agradeciendo a todos ustedes por hacer posible que hoy el pueblo vuelva a la casa de las leyes del Zulia\u00bb, precis\u00f3.<\/p>\n\n\n\n<figure class=\"wp-block-image size-large\"><img fetchpriority=\"high\" decoding=\"async\" width=\"1024\" height=\"576\" src=\"https:\/\/entretormentas.com\/wp-content\/uploads\/2025\/06\/clezrojo2-1024x576.jpg\" alt=\"\" class=\"wp-image-17668\" srcset=\"https:\/\/entretormentas.com\/wp-content\/uploads\/2025\/06\/clezrojo2-1024x576.jpg 1024w, https:\/\/entretormentas.com\/wp-content\/uploads\/2025\/06\/clezrojo2-300x169.jpg 300w, https:\/\/entretormentas.com\/wp-content\/uploads\/2025\/06\/clezrojo2-768x432.jpg 768w, https:\/\/entretormentas.com\/wp-content\/uploads\/2025\/06\/clezrojo2.jpg 1080w\" sizes=\"(max-width: 1024px) 100vw, 1024px\" \/><\/figure>\n\n\n\n<p>La parlamentaria Valbuena expres\u00f3 que el parlamento zuliano se convierte en un espacio abierto donde se discutir\u00e1n leyes no solamente propuestas por los legisladores, sino tambi\u00e9n presentadas por el pueblo zuliano.<br>\u200e<br>\u200e\u00bbTrabajaremos de la mano con el presidente de la Rep\u00fablica Nicol\u00e1s Maduro, d\u00e1ndole prioridad a la adecuaci\u00f3n de leyes para la regi\u00f3n que tiene que ver con el poder comunal, las cuales conducir\u00e1n al mejoramiento de vida de nuestra gente\u00bb, dijo.<br>\u200e<br>\u200eEstas declaraciones fueron ofrecidas en el marco de la juramentaci\u00f3n de los legisladores y legisladoras al Consejo Legislativo del Estado Zulia, electos y electas en los pasados comicios del 25 de mayo, as\u00ed como la instalaci\u00f3n de la nueva junta directiva, para darle continuidad al primer periodo de sesiones 2025.<br>\u200e<br>\u200eDe esta forma, la directiva qued\u00f3 conformada por la legisladora Magdely Valbuena como presidenta, la legisladora ind\u00edgena Glenis Sempr\u00fan como vicepresidenta y Ovannis \u00c1vila en la secretar\u00eda de c\u00e1mara.<br>\u200e<br>\u200eLa nueva presidenta del \u00f3rgano legislativo, en sus primeras palabras, destac\u00f3 que la Revoluci\u00f3n Bolivariana ha consolidado el control del Estado, a pesar de las sanciones, bloqueos, cercos econ\u00f3micos y de la suspensi\u00f3n de las licitaciones petroleras.<br>\u200e<br>\u200eValbuena afirm\u00f3 que su gesti\u00f3n estar\u00e1 orientada en respaldar las iniciativas nacionales que promuevan la paz y el desarrollo regional.<\/p>\n\n\n\n<figure class=\"wp-block-image size-large\"><img decoding=\"async\" width=\"1024\" height=\"682\" src=\"https:\/\/entretormentas.com\/wp-content\/uploads\/2025\/06\/clezrojo4-1024x682.jpg\" alt=\"\" class=\"wp-image-17669\" srcset=\"https:\/\/entretormentas.com\/wp-content\/uploads\/2025\/06\/clezrojo4-1024x682.jpg 1024w, https:\/\/entretormentas.com\/wp-content\/uploads\/2025\/06\/clezrojo4-300x200.jpg 300w, https:\/\/entretormentas.com\/wp-content\/uploads\/2025\/06\/clezrojo4-768x512.jpg 768w, https:\/\/entretormentas.com\/wp-content\/uploads\/2025\/06\/clezrojo4.jpg 1280w\" sizes=\"(max-width: 1024px) 100vw, 1024px\" \/><\/figure>\n\n\n\n<p>La Presidenta del Poder Legislativo regional se\u00f1al\u00f3 que se enfocar\u00e1n en la elaboraci\u00f3n de leyes que fortalezcan las capacidades de los zulianos y las zulianas y mostr\u00f3 su apoyo a los planes que ha venido anunciando el gobernador electo por el pueblo, Luis Caldera.<br>\u200e<br>\u200e\u00bbEl Zulia puede contar con nosotros y con nosotras para su desarrollo sostenido por encima de las medidas coercitivas y unilaterales, por encima de las diferencias, que nos acompa\u00f1emos en esta tarea, que sabremos debatir en este foro pol\u00edtico que es el Consejo Legislativo del Estado Zulia\u00bb, afirm\u00f3 la presidenta de la Casa de las Leyes.<br>\u200e<br>\u200eEn el acto estuvieron presentes los legisladores electos del Gran Polo Patri\u00f3tico (GPP) Heberth Ch\u00e1vez, Egda Vilchez, Enmanuel Pulgar, Jos\u00e9 Sierra, Bladimiro Colina, Eliana Gonz\u00e1lez, Alberto Hern\u00e1ndez, Lisbeth Rodr\u00edguez, Maribel Brice\u00f1o y Francisco Colmenares y los legisladores de la alianza Un Nuevo Tiempo (UNT) &#8211; Uni\u00f3n y Cambio Iraida Villasmil y Edgar Ant\u00fanez.<br>\u200e<br>\u200eTambi\u00e9n asistieron autoridades regionales, diputados y diputadas a la Asamblea Nacional, concejales y concejalas, representantes de organismos nacionales, entre otros.<\/p>\n\n\n\n<figure class=\"wp-block-image size-large\"><img decoding=\"async\" width=\"1024\" height=\"768\" src=\"https:\/\/entretormentas.com\/wp-content\/uploads\/2025\/06\/clezrojo3-1024x768.jpg\" alt=\"\" class=\"wp-image-17670\" srcset=\"https:\/\/entretormentas.com\/wp-content\/uploads\/2025\/06\/clezrojo3-1024x768.jpg 1024w, https:\/\/entretormentas.com\/wp-content\/uploads\/2025\/06\/clezrojo3-300x225.jpg 300w, https:\/\/entretormentas.com\/wp-content\/uploads\/2025\/06\/clezrojo3-768x576.jpg 768w, https:\/\/entretormentas.com\/wp-content\/uploads\/2025\/06\/clezrojo3.jpg 1080w\" sizes=\"(max-width: 1024px) 100vw, 1024px\" \/><\/figure>\n\n\n\n<p><br><strong>NOTIFICACI\u00d3N AL EJECUTIVO REGIONAL<\/strong><br>\u200eUna comisi\u00f3n conformada por los legisladores Heberth Ch\u00e1vez, Eliana Gonz\u00e1lez, Francisco Colmenares, Maribel Brice\u00f1o y Edgar Ant\u00fanez, notificaron al ejecutivo regional sobre la instalaci\u00f3n de la nueva directiva y la continuidad del periodo constitucional 2025.<\/p>\n\n\n\n<p>La comisi\u00f3n fue recibida por el gobernador Manuel Rosales, el secretario general Juan Barboza y la secretaria de finanzas Mar\u00eda Antonieta Rinc\u00f3n.<br><strong><em>ET \/ Nota de Prensa<\/em><\/strong><\/p>\n\n\n\n<p><\/p>\n","protected":false},"excerpt":{"rendered":"<p>ENTRE TORMENTAS. \u00c9ste s\u00e1bado, 7 de junio fue juramentada como presidenta del Consejo Legislativo del&#8230;<\/p>\n","protected":false},"author":2,"featured_media":17671,"comment_status":"closed","ping_status":"open","sticky":false,"template":"","format":"standard","meta":{"footnotes":""},"categories":[57,1],"tags":[],"class_list":["post-17667","post","type-post","status-publish","format-standard","has-post-thumbnail","hentry","category-actualidad","category-regionales"],"_links":{"self":[{"href":"https:\/\/entretormentas.com\/index.php?rest_route=\/wp\/v2\/posts\/17667","targetHints":{"allow":["GET"]}}],"collection":[{"href":"https:\/\/entretormentas.com\/index.php?rest_route=\/wp\/v2\/posts"}],"about":[{"href":"https:\/\/entretormentas.com\/index.php?rest_route=\/wp\/v2\/types\/post"}],"author":[{"embeddable":true,"href":"https:\/\/entretormentas.com\/index.php?rest_route=\/wp\/v2\/users\/2"}],"replies":[{"embeddable":true,"href":"https:\/\/entretormentas.com\/index.php?rest_route=%2Fwp%2Fv2%2Fcomments&post=17667"}],"version-history":[{"count":1,"href":"https:\/\/entretormentas.com\/index.php?rest_route=\/wp\/v2\/posts\/17667\/revisions"}],"predecessor-version":[{"id":17672,"href":"https:\/\/entretormentas.com\/index.php?rest_route=\/wp\/v2\/posts\/17667\/revisions\/17672"}],"wp:featuredmedia":[{"embeddable":true,"href":"https:\/\/entretormentas.com\/index.php?rest_route=\/wp\/v2\/media\/17671"}],"wp:attachment":[{"href":"https:\/\/entretormentas.com\/index.php?rest_route=%2Fwp%2Fv2%2Fmedia&parent=17667"}],"wp:term":[{"taxonomy":"category","embeddable":true,"href":"https:\/\/entretormentas.com\/index.php?rest_route=%2Fwp%2Fv2%2Fcategories&post=17667"},{"taxonomy":"post_tag","embeddable":true,"href":"https:\/\/entretormentas.com\/index.php?rest_route=%2Fwp%2Fv2%2Ftags&post=17667"}],"curies":[{"name":"wp","href":"https:\/\/api.w.org\/{rel}","templated":true}]}}