{"id":17673,"date":"2025-06-08T14:40:11","date_gmt":"2025-06-08T12:40:11","guid":{"rendered":"https:\/\/entretormentas.com\/?p=17673"},"modified":"2025-06-08T14:40:12","modified_gmt":"2025-06-08T12:40:12","slug":"en-san-francisco-somos-propietarios-gustavo-fernandez-entrega-otras-484-nomenclaturas-en-jose-domingo-rus","status":"publish","type":"post","link":"https:\/\/entretormentas.com\/en-san-francisco-somos-propietarios-gustavo-fernandez-entrega-otras-484-nomenclaturas-en-jose-domingo-rus\/","title":{"rendered":"\u00a1EN SAN FRANCISCO SOMOS PROPIETARIOS! Gustavo Fern\u00e1ndez entrega otras 484 nomenclaturas en Jos\u00e9 Domingo Rus"},"content":{"rendered":"\n<p><strong>ENTRE TORMENTAS. <\/strong>Con el compromiso de brindar bienestar para el desarrollo del municipio San Francisco, la gesti\u00f3n del alcalde Gustavo Fern\u00e1ndez cumpli\u00f3 con una nueva entrega de 484 nomenclaturas a familias de los sectores Santa Ana I y II, Ram\u00f3n Laguna y Portal de Bel\u00e9n de la parroquia Jos\u00e9 Domingo Rus.<\/p>\n\n\n\n<p>El programa \u00abEn San Francisco Somos Propietarios\u00bb, gracias a esta sexta jornada llega a las 1466 nomenclaturas entregadas desde el inicio de la gesti\u00f3n, otorgando a los ciudadanos, en las diversas parroquias, este documento que marca el primer paso para la consolidaci\u00f3n de los sectores populares.<\/p>\n\n\n\n<figure class=\"wp-block-image size-large\"><img fetchpriority=\"high\" decoding=\"async\" width=\"1024\" height=\"680\" src=\"https:\/\/entretormentas.com\/wp-content\/uploads\/2025\/06\/propieta3-1024x680.jpg\" alt=\"\" class=\"wp-image-17674\" srcset=\"https:\/\/entretormentas.com\/wp-content\/uploads\/2025\/06\/propieta3-1024x680.jpg 1024w, https:\/\/entretormentas.com\/wp-content\/uploads\/2025\/06\/propieta3-300x199.jpg 300w, https:\/\/entretormentas.com\/wp-content\/uploads\/2025\/06\/propieta3-768x510.jpg 768w, https:\/\/entretormentas.com\/wp-content\/uploads\/2025\/06\/propieta3.jpg 1280w\" sizes=\"(max-width: 1024px) 100vw, 1024px\" \/><\/figure>\n\n\n\n<p>Desde la Escuela B\u00e1sica Venancio de Jes\u00fas Duarte, el alcalde Gustavo Fern\u00e1ndez, estuvo acompa\u00f1ado de gran parte de su equipo de gesti\u00f3n, entre ellos la presidenta del Instituto de Geom\u00e1tica de San Francisco, Yoalis Gonz\u00e1lez, el S\u00edndico Procurador Municipal Eduardo Parra, Milagros Montiel, directora municipal de gesti\u00f3n y Jos\u00e9 Javier Mart\u00ednez, presidente del Concejo Municipal de San Francisco.<\/p>\n\n\n\n<p>El lider municipal se\u00f1al\u00f3, frente a los asistentes que \u201cEste es el primer paso hacia la consolidaci\u00f3n de los sectores. Muchas de esas nomenclaturas se han convertido posteriormente en documentos de propiedad y ese es el norte hacia d\u00f3nde vamos. Una cosa es poseer y otra es tener la propiedad y hacia all\u00e1 estamos dirigiendo nuestro esfuerzo\u00bb.<\/p>\n\n\n\n<figure class=\"wp-block-image size-large\"><img decoding=\"async\" width=\"1024\" height=\"680\" src=\"https:\/\/entretormentas.com\/wp-content\/uploads\/2025\/06\/propieta4-1024x680.jpg\" alt=\"\" class=\"wp-image-17675\" srcset=\"https:\/\/entretormentas.com\/wp-content\/uploads\/2025\/06\/propieta4-1024x680.jpg 1024w, https:\/\/entretormentas.com\/wp-content\/uploads\/2025\/06\/propieta4-300x199.jpg 300w, https:\/\/entretormentas.com\/wp-content\/uploads\/2025\/06\/propieta4-768x510.jpg 768w, https:\/\/entretormentas.com\/wp-content\/uploads\/2025\/06\/propieta4.jpg 1280w\" sizes=\"(max-width: 1024px) 100vw, 1024px\" \/><\/figure>\n\n\n\n<p>El alcalde ratific\u00f3 el compromiso que tiene con San Francisco resaltando \u00abYo gobierno para los ciudadanos de San Francisco. Ese es el mensaje que yo siempre dejo en cada ocasi\u00f3n que asisto a este tipo de actividades porque todos somos ciudadanos del municipio\u2026Esa es la visi\u00f3n de gobierno que nosotros tenemos: amplitud, d\u00f3nde quepan todos y no haya ning\u00fan tipo de sectarismo, esa es la caracter\u00edstica de nuestro gobierno. Y estoy pendiente de que eso ocurra en cada parroquia y en cada sector\u00bb.<\/p>\n\n\n\n<p>Los miembros de las comunidades beneficiadas por este programa expresaron su agradecimiento al gobierno municipal. \u201cLe damos gracias al Se\u00f1or Jesucristo y al alcalde por su gesti\u00f3n\u00bb, expres\u00f3 Jes\u00fas Villamizar. As\u00ed tambi\u00e9n coincidi\u00f3 Yeni Cuello al agradecer el apoyo al alcalde y a todo su equipo por hacer de este sue\u00f1o una realidad. Otra de las beneficiarias, Kervis Guerrero destac\u00f3 \u00abes muy importante lo que est\u00e1 haciendo por nosotros. Estamos muy contentos por esto\u00bb. Finalmente, Lesbia Godoy afirm\u00f3 que gracias a Dios y al alcalde tienen en sus manos las nomenclaturas que tanto anhelaron.<br><strong><em>ET \/ Alcald\u00eda de San Francisco<\/em><\/strong><\/p>\n","protected":false},"excerpt":{"rendered":"<p>ENTRE TORMENTAS. Con el compromiso de brindar bienestar para el desarrollo del municipio San Francisco,&#8230;<\/p>\n","protected":false},"author":2,"featured_media":17676,"comment_status":"closed","ping_status":"open","sticky":false,"template":"","format":"standard","meta":{"footnotes":""},"categories":[57,1],"tags":[],"class_list":["post-17673","post","type-post","status-publish","format-standard","has-post-thumbnail","hentry","category-actualidad","category-regionales"],"_links":{"self":[{"href":"https:\/\/entretormentas.com\/index.php?rest_route=\/wp\/v2\/posts\/17673","targetHints":{"allow":["GET"]}}],"collection":[{"href":"https:\/\/entretormentas.com\/index.php?rest_route=\/wp\/v2\/posts"}],"about":[{"href":"https:\/\/entretormentas.com\/index.php?rest_route=\/wp\/v2\/types\/post"}],"author":[{"embeddable":true,"href":"https:\/\/entretormentas.com\/index.php?rest_route=\/wp\/v2\/users\/2"}],"replies":[{"embeddable":true,"href":"https:\/\/entretormentas.com\/index.php?rest_route=%2Fwp%2Fv2%2Fcomments&post=17673"}],"version-history":[{"count":1,"href":"https:\/\/entretormentas.com\/index.php?rest_route=\/wp\/v2\/posts\/17673\/revisions"}],"predecessor-version":[{"id":17677,"href":"https:\/\/entretormentas.com\/index.php?rest_route=\/wp\/v2\/posts\/17673\/revisions\/17677"}],"wp:featuredmedia":[{"embeddable":true,"href":"https:\/\/entretormentas.com\/index.php?rest_route=\/wp\/v2\/media\/17676"}],"wp:attachment":[{"href":"https:\/\/entretormentas.com\/index.php?rest_route=%2Fwp%2Fv2%2Fmedia&parent=17673"}],"wp:term":[{"taxonomy":"category","embeddable":true,"href":"https:\/\/entretormentas.com\/index.php?rest_route=%2Fwp%2Fv2%2Fcategories&post=17673"},{"taxonomy":"post_tag","embeddable":true,"href":"https:\/\/entretormentas.com\/index.php?rest_route=%2Fwp%2Fv2%2Ftags&post=17673"}],"curies":[{"name":"wp","href":"https:\/\/api.w.org\/{rel}","templated":true}]}}