{"id":17678,"date":"2025-06-08T14:44:27","date_gmt":"2025-06-08T12:44:27","guid":{"rendered":"https:\/\/entretormentas.com\/?p=17678"},"modified":"2025-06-08T14:44:28","modified_gmt":"2025-06-08T12:44:28","slug":"fiesta-de-pentecostes-la-chinita-recorre-calles-de-maracaibo-y-san-francisco-en-el-nuevo-maria-movil","status":"publish","type":"post","link":"https:\/\/entretormentas.com\/fiesta-de-pentecostes-la-chinita-recorre-calles-de-maracaibo-y-san-francisco-en-el-nuevo-maria-movil\/","title":{"rendered":"\u00a1FIESTA DE PENTECOST\u00c9S! La Chinita recorre calles de Maracaibo y San Francisco en el nuevo \u00abMar\u00eda M\u00f3vil\u00bb"},"content":{"rendered":"\n<p><strong>ENTRE TORMENTAS.<\/strong> Desde las 6:00 de la tarde de este s\u00e1bado, la reliquia de la Virgen del Rosario de Chiquinquir\u00e1 a bordo del nuevo \u00abMar\u00eda M\u00f3vil\u00bb recorri\u00f3 las principales calles y avenidas de los municipios Maracaibo y San Francisco.<\/p>\n\n\n\n<p>La informaci\u00f3n se dio a conocer a trav\u00e9s de la cuenta en Instagram de la Bas\u00edlica de Nuestra Se\u00f1ora de Chiquinquir\u00e1, donde se detalla que ser\u00e1 bendecida<\/p>\n\n\n\n<figure class=\"wp-block-image size-large\"><img fetchpriority=\"high\" decoding=\"async\" width=\"1024\" height=\"885\" src=\"https:\/\/entretormentas.com\/wp-content\/uploads\/2025\/06\/mariamovil2-1024x885.jpg\" alt=\"\" class=\"wp-image-17679\" srcset=\"https:\/\/entretormentas.com\/wp-content\/uploads\/2025\/06\/mariamovil2-1024x885.jpg 1024w, https:\/\/entretormentas.com\/wp-content\/uploads\/2025\/06\/mariamovil2-300x259.jpg 300w, https:\/\/entretormentas.com\/wp-content\/uploads\/2025\/06\/mariamovil2-768x664.jpg 768w, https:\/\/entretormentas.com\/wp-content\/uploads\/2025\/06\/mariamovil2.jpg 1280w\" sizes=\"(max-width: 1024px) 100vw, 1024px\" \/><\/figure>\n\n\n\n<p>A las 5:00 de la tarde, la nueva flota de veh\u00edculos del templo fueron bendecidos en la Plazoleta de la Bas\u00edlica de Nuestra Se\u00f1ora de Chiquinquir\u00e1, en una emotivo acto presidido por el arzobispo de Mracaibo, Monse\u00f1or Jos\u00e9 Luis Azuaje, junto al p\u00e1rroco del Templo a San Juan de Dios, Nedward Andrade.<\/p>\n\n\n\n<p>Bajo el lema \u00abMar\u00eda en Pentecost\u00e9s\u00bb el recorrido inaugural parti\u00f3 desde el Santuario Chiquinquire\u00f1o, ubicado en el casco central de la ciudad, luego avanz\u00f3 por la avenida 12 Padilla, tom\u00f3 Bella Vista hasta llegar a la Plaza El \u00c1ngel, seguir por Milagro Norte y llegar al Core 3, de all\u00ed hasta la Trocal del Caribe y visitar la parroquia Mar\u00eda Auxiliadora en Santa Cruz de Mara.<\/p>\n\n\n\n<figure class=\"wp-block-image size-large\"><img decoding=\"async\" width=\"1024\" height=\"887\" src=\"https:\/\/entretormentas.com\/wp-content\/uploads\/2025\/06\/mariamovil3-1024x887.jpg\" alt=\"\" class=\"wp-image-17680\" srcset=\"https:\/\/entretormentas.com\/wp-content\/uploads\/2025\/06\/mariamovil3-1024x887.jpg 1024w, https:\/\/entretormentas.com\/wp-content\/uploads\/2025\/06\/mariamovil3-300x260.jpg 300w, https:\/\/entretormentas.com\/wp-content\/uploads\/2025\/06\/mariamovil3-768x665.jpg 768w, https:\/\/entretormentas.com\/wp-content\/uploads\/2025\/06\/mariamovil3.jpg 1317w\" sizes=\"(max-width: 1024px) 100vw, 1024px\" \/><\/figure>\n\n\n\n<p>En su retorno, hacia el municipio San Francisco, la Sagrada Imagen tom\u00f3 la avenida Guajira, pas\u00f3 por la Circunvalaci\u00f3n 2 hasta la avenida 15 de Sierra Maestra, luego continu\u00f3 por la calle 18 hasta la esquina del Hospital Dr. \u2018Noriega Trigo\u2019.<\/p>\n\n\n\n<p>Los fieles pudieron contemplar a la madre de Dios, bajo la advocaci\u00f3n de Chiquinquir\u00e1 en la redoma de urbanizaci\u00f3n La Coromoto, desde donde el \u2018Mar\u00eda M\u00f3vil\u2019 conect\u00f3 por la Circunvalaci\u00f3n 1, para bajar por la avenida La Limpia hasta llegar de nuevo a la Bas\u00edlica.<br><strong><em>ET \/ Nota de Prensa<\/em><\/strong><\/p>\n\n\n\n<p><\/p>\n","protected":false},"excerpt":{"rendered":"<p>ENTRE TORMENTAS. Desde las 6:00 de la tarde de este s\u00e1bado, la reliquia de la&#8230;<\/p>\n","protected":false},"author":2,"featured_media":17681,"comment_status":"closed","ping_status":"open","sticky":false,"template":"","format":"standard","meta":{"footnotes":""},"categories":[57,1],"tags":[],"class_list":["post-17678","post","type-post","status-publish","format-standard","has-post-thumbnail","hentry","category-actualidad","category-regionales"],"_links":{"self":[{"href":"https:\/\/entretormentas.com\/index.php?rest_route=\/wp\/v2\/posts\/17678","targetHints":{"allow":["GET"]}}],"collection":[{"href":"https:\/\/entretormentas.com\/index.php?rest_route=\/wp\/v2\/posts"}],"about":[{"href":"https:\/\/entretormentas.com\/index.php?rest_route=\/wp\/v2\/types\/post"}],"author":[{"embeddable":true,"href":"https:\/\/entretormentas.com\/index.php?rest_route=\/wp\/v2\/users\/2"}],"replies":[{"embeddable":true,"href":"https:\/\/entretormentas.com\/index.php?rest_route=%2Fwp%2Fv2%2Fcomments&post=17678"}],"version-history":[{"count":1,"href":"https:\/\/entretormentas.com\/index.php?rest_route=\/wp\/v2\/posts\/17678\/revisions"}],"predecessor-version":[{"id":17682,"href":"https:\/\/entretormentas.com\/index.php?rest_route=\/wp\/v2\/posts\/17678\/revisions\/17682"}],"wp:featuredmedia":[{"embeddable":true,"href":"https:\/\/entretormentas.com\/index.php?rest_route=\/wp\/v2\/media\/17681"}],"wp:attachment":[{"href":"https:\/\/entretormentas.com\/index.php?rest_route=%2Fwp%2Fv2%2Fmedia&parent=17678"}],"wp:term":[{"taxonomy":"category","embeddable":true,"href":"https:\/\/entretormentas.com\/index.php?rest_route=%2Fwp%2Fv2%2Fcategories&post=17678"},{"taxonomy":"post_tag","embeddable":true,"href":"https:\/\/entretormentas.com\/index.php?rest_route=%2Fwp%2Fv2%2Ftags&post=17678"}],"curies":[{"name":"wp","href":"https:\/\/api.w.org\/{rel}","templated":true}]}}