{"id":17696,"date":"2025-06-09T10:19:12","date_gmt":"2025-06-09T08:19:12","guid":{"rendered":"https:\/\/entretormentas.com\/?p=17696"},"modified":"2025-06-09T10:19:13","modified_gmt":"2025-06-09T08:19:13","slug":"sin-danos-fuerte-temblor-de-magnitud-6-5-sacude-colombia-y-la-ciudad-de-maracaibo","status":"publish","type":"post","link":"https:\/\/entretormentas.com\/sin-danos-fuerte-temblor-de-magnitud-6-5-sacude-colombia-y-la-ciudad-de-maracaibo\/","title":{"rendered":"\u00a1SIN DA\u00d1OS! Fuerte temblor de magnitud 6.5 sacude Colombia y la ciudad de Maracaibo"},"content":{"rendered":"\n<p><strong>ENTRE TORMENTAS.<\/strong> Un fuerte temblor se sinti\u00f3 la ma\u00f1ana de este domingo en Bogot\u00e1 y el interior de Colombia. Las autoridades eval\u00faan posibles da\u00f1os en infraestructuras y monitorean zonas de alto riesgo.<\/p>\n\n\n\n<p>De acuerdo con el informe m\u00e1s reciente, el movimiento tel\u00farico alcanz\u00f3 una magnitud de 6.5 y ocurri\u00f3 a las 8:08 a.m. hora local.<\/p>\n\n\n\n<p>El epicentro fue localizado en el municipio de Paratebueno, en el departamento de Cundinamarca, con una profundidad superficial (menor a 30 km).<\/p>\n\n\n\n<p>Lo que explica la fuerte percepci\u00f3n del temblor en varias regiones de Colombia, incluyendo Bogot\u00e1 y municipios cercanos. Seg\u00fan las coordenadas suministradas, el evento se ubic\u00f3 en la latitud 4.36\u00b0 y longitud -73.26\u00b0.<\/p>\n\n\n\n<p>Entre los municipios m\u00e1s cercanos al epicentro se encuentran Paratebueno, a solo 7 kil\u00f3metros; Medina, a 19 kil\u00f3metros; y Restrepo (Meta), a 35 kil\u00f3metros. Al tratarse de un sismo superficial con una magnitud significativa, existe la posibilidad de afectaciones en edificaciones e infraestructura, especialmente en zonas vulnerables.<\/p>\n\n\n\n<p>En redes sociales, personas de Santander, Medell\u00edn y otras zonas del interior del pa\u00eds tambi\u00e9n reportaron haber sentido con fuerza el sismo.<\/p>\n\n\n\n<p>Asimismo, en la red social X varios habitantes de Maracaibo reportaron sentir el movimiento tel\u00farico en la ciudad del Sol Amada.<br><strong><em>ET \/ El Espectador<\/em><\/strong><\/p>\n","protected":false},"excerpt":{"rendered":"<p>ENTRE TORMENTAS. Un fuerte temblor se sinti\u00f3 la ma\u00f1ana de este domingo en Bogot\u00e1 y&#8230;<\/p>\n","protected":false},"author":2,"featured_media":17697,"comment_status":"closed","ping_status":"open","sticky":false,"template":"","format":"standard","meta":{"footnotes":""},"categories":[57,1],"tags":[],"class_list":["post-17696","post","type-post","status-publish","format-standard","has-post-thumbnail","hentry","category-actualidad","category-regionales"],"_links":{"self":[{"href":"https:\/\/entretormentas.com\/index.php?rest_route=\/wp\/v2\/posts\/17696","targetHints":{"allow":["GET"]}}],"collection":[{"href":"https:\/\/entretormentas.com\/index.php?rest_route=\/wp\/v2\/posts"}],"about":[{"href":"https:\/\/entretormentas.com\/index.php?rest_route=\/wp\/v2\/types\/post"}],"author":[{"embeddable":true,"href":"https:\/\/entretormentas.com\/index.php?rest_route=\/wp\/v2\/users\/2"}],"replies":[{"embeddable":true,"href":"https:\/\/entretormentas.com\/index.php?rest_route=%2Fwp%2Fv2%2Fcomments&post=17696"}],"version-history":[{"count":1,"href":"https:\/\/entretormentas.com\/index.php?rest_route=\/wp\/v2\/posts\/17696\/revisions"}],"predecessor-version":[{"id":17698,"href":"https:\/\/entretormentas.com\/index.php?rest_route=\/wp\/v2\/posts\/17696\/revisions\/17698"}],"wp:featuredmedia":[{"embeddable":true,"href":"https:\/\/entretormentas.com\/index.php?rest_route=\/wp\/v2\/media\/17697"}],"wp:attachment":[{"href":"https:\/\/entretormentas.com\/index.php?rest_route=%2Fwp%2Fv2%2Fmedia&parent=17696"}],"wp:term":[{"taxonomy":"category","embeddable":true,"href":"https:\/\/entretormentas.com\/index.php?rest_route=%2Fwp%2Fv2%2Fcategories&post=17696"},{"taxonomy":"post_tag","embeddable":true,"href":"https:\/\/entretormentas.com\/index.php?rest_route=%2Fwp%2Fv2%2Ftags&post=17696"}],"curies":[{"name":"wp","href":"https:\/\/api.w.org\/{rel}","templated":true}]}}