{"id":17699,"date":"2025-06-09T10:22:01","date_gmt":"2025-06-09T08:22:01","guid":{"rendered":"https:\/\/entretormentas.com\/?p=17699"},"modified":"2025-06-09T10:22:02","modified_gmt":"2025-06-09T08:22:02","slug":"historicos-bronce-con-mundial-incluido-para-venezuela-u16-en-el-fiba-americup","status":"publish","type":"post","link":"https:\/\/entretormentas.com\/historicos-bronce-con-mundial-incluido-para-venezuela-u16-en-el-fiba-americup\/","title":{"rendered":"\u00a1HIST\u00d3RICOS! Bronce con mundial incluido para Venezuela U16 en el FIBA AmeriCup"},"content":{"rendered":"\n<p><strong>ENTRE TORMENTAS. <\/strong>Venezuela culmin\u00f3 una FIBA AmeriCup Sub-16 hist\u00f3rica a la altura: los chamos derrotaron a Puerto Rico (76-84) en el partido por el tercer lugar y regresar\u00e1n de Ciudad Ju\u00e1rez con la medalla de bronce.<\/p>\n\n\n\n<p>El t\u00e9cnico venezolano, Alexis Cedres, dirigi\u00f3 acertadamente a los muchachos que escriben sus nombres con letras doradas en la historia del baloncesto mundial.<\/p>\n\n\n\n<p>Venezuela finaliz\u00f3 la FIBA AmeriCup Sub-16 2025 con r\u00e9cord de 3-3. El tercer lugar se convirti\u00f3 en la mejor actuaci\u00f3n de una selecci\u00f3n nacional de esta categor\u00eda en la historia de la competencia.<\/p>\n\n\n\n<figure class=\"wp-block-image size-full\"><img fetchpriority=\"high\" decoding=\"async\" width=\"1000\" height=\"563\" src=\"https:\/\/entretormentas.com\/wp-content\/uploads\/2025\/06\/venu166.jpg\" alt=\"\" class=\"wp-image-17700\" srcset=\"https:\/\/entretormentas.com\/wp-content\/uploads\/2025\/06\/venu166.jpg 1000w, https:\/\/entretormentas.com\/wp-content\/uploads\/2025\/06\/venu166-300x169.jpg 300w, https:\/\/entretormentas.com\/wp-content\/uploads\/2025\/06\/venu166-768x432.jpg 768w\" sizes=\"(max-width: 1000px) 100vw, 1000px\" \/><\/figure>\n\n\n\n<p><strong>EEUU CAMPEONES<\/strong><br>El trono del FIBA AmeriCup Sub-16 lleva grabado el nombre de Estados Unidos. Los estadounidenses lograron este domingo el noveno t\u00edtulo de la competici\u00f3n al imponerse sobre Canad\u00e1 en la Final, por 108-71, en el Gimnasio Universitario de Ciudad Ju\u00e1rez, M\u00e9xico, con lo cual ratifican su hegemon\u00eda en esta categor\u00eda.<\/p>\n\n\n\n<p>La generaci\u00f3n del t\u00edtulo sudamericano U15 y del bronce de Am\u00e9rica para los venezolanos, le permitir\u00e1n poner su vista en el pr\u00f3ximo reto: la Copa del Mundo FIBA Sub-17 Turqu\u00eda 2026.<br><strong><em>ET \/ Agencias<\/em><\/strong><\/p>\n\n\n\n<p><\/p>\n","protected":false},"excerpt":{"rendered":"<p>ENTRE TORMENTAS. Venezuela culmin\u00f3 una FIBA AmeriCup Sub-16 hist\u00f3rica a la altura: los chamos derrotaron&#8230;<\/p>\n","protected":false},"author":2,"featured_media":17701,"comment_status":"closed","ping_status":"open","sticky":false,"template":"","format":"standard","meta":{"footnotes":""},"categories":[57,53],"tags":[],"class_list":["post-17699","post","type-post","status-publish","format-standard","has-post-thumbnail","hentry","category-actualidad","category-deportes"],"_links":{"self":[{"href":"https:\/\/entretormentas.com\/index.php?rest_route=\/wp\/v2\/posts\/17699","targetHints":{"allow":["GET"]}}],"collection":[{"href":"https:\/\/entretormentas.com\/index.php?rest_route=\/wp\/v2\/posts"}],"about":[{"href":"https:\/\/entretormentas.com\/index.php?rest_route=\/wp\/v2\/types\/post"}],"author":[{"embeddable":true,"href":"https:\/\/entretormentas.com\/index.php?rest_route=\/wp\/v2\/users\/2"}],"replies":[{"embeddable":true,"href":"https:\/\/entretormentas.com\/index.php?rest_route=%2Fwp%2Fv2%2Fcomments&post=17699"}],"version-history":[{"count":1,"href":"https:\/\/entretormentas.com\/index.php?rest_route=\/wp\/v2\/posts\/17699\/revisions"}],"predecessor-version":[{"id":17702,"href":"https:\/\/entretormentas.com\/index.php?rest_route=\/wp\/v2\/posts\/17699\/revisions\/17702"}],"wp:featuredmedia":[{"embeddable":true,"href":"https:\/\/entretormentas.com\/index.php?rest_route=\/wp\/v2\/media\/17701"}],"wp:attachment":[{"href":"https:\/\/entretormentas.com\/index.php?rest_route=%2Fwp%2Fv2%2Fmedia&parent=17699"}],"wp:term":[{"taxonomy":"category","embeddable":true,"href":"https:\/\/entretormentas.com\/index.php?rest_route=%2Fwp%2Fv2%2Fcategories&post=17699"},{"taxonomy":"post_tag","embeddable":true,"href":"https:\/\/entretormentas.com\/index.php?rest_route=%2Fwp%2Fv2%2Ftags&post=17699"}],"curies":[{"name":"wp","href":"https:\/\/api.w.org\/{rel}","templated":true}]}}